{"id":3790,"date":"2024-11-04T10:31:52","date_gmt":"2024-11-04T13:31:52","guid":{"rendered":"https:\/\/noticiasregionais.com.br\/?p=3790"},"modified":"2024-11-04T11:39:54","modified_gmt":"2024-11-04T14:39:54","slug":"policia-militar-de-ourinhos-realiza-diversas-apreensoes-durante-o-fim-de-semana","status":"publish","type":"post","link":"https:\/\/noticiasregionais.com.br\/?p=3790","title":{"rendered":"Pol\u00edcia Militar de Ourinhos realiza diversas apreens\u00f5es durante o fim de semana"},"content":{"rendered":"\n<p>Neste \u00faltimo fim de semana, o 31\u00ba Batalh\u00e3o de Pol\u00edcia Militar de Ourinhos realizou opera\u00e7\u00f5es de combate ao tr\u00e1fico de drogas e a crimes patrimoniais, com diversas apreens\u00f5es e pris\u00f5es registradas na cidade e na regi\u00e3o.<\/p>\n\n\n\n<p>Na s\u00e1bado, dia 2 de novembro, por volta das 20h, uma a\u00e7\u00e3o policial resultou na apreens\u00e3o de um adolescente por ato infracional de tr\u00e1fico de drogas na Rua Eduardo Peres, em Ourinhos. Durante a opera\u00e7\u00e3o, foram apreendidos 6 gramas de crack, dois celulares e R$ 549,00 em dinheiro.<\/p>\n\n\n\n<p>J\u00e1 na madrugada de domingo, 3 de novembro, outra ocorr\u00eancia de tr\u00e1fico de drogas foi registrada na Rua Roberto Landell de Moura. Um suspeito foi preso ap\u00f3s a pol\u00edcia localizar 85 gramas de coca\u00edna, uma balan\u00e7a de precis\u00e3o, embalagens e R$ 102,00 em dinheiro.<\/p>\n\n\n\n<p>A\u00e7\u00f5es contra o tr\u00e1fico continuaram na madrugada de hoje, 4 de novembro, quando uma abordagem na Rua Vereador Jo\u00e3o Am\u00e2ncio de Moraes, em Chavantes, culminou com a pris\u00e3o de um indiv\u00edduo e a apreens\u00e3o de 60 gramas de coca\u00edna, 26 gramas de crack, dois celulares, duas balan\u00e7as de precis\u00e3o e um total de R$ 6.369,00 em esp\u00e9cie.<\/p>\n\n\n\n<p>Ainda nessa madrugada (04\/11), \u00e0s 3h12, um suspeito foi preso em flagrante durante uma tentativa de furto na Rua Francisco Dias Negr\u00e3o, em Ourinhos.<\/p>\n\n\n\n<p>A Pol\u00edcia Militar destaca que as opera\u00e7\u00f5es integram esfor\u00e7os cont\u00ednuos para combater o tr\u00e1fico de drogas e outros crimes na regi\u00e3o. Os suspeitos e o adolescente apreendido foram encaminhados \u00e0s autoridades competentes para as devidas provid\u00eancias.<\/p>\n\n\n\n<figure class=\"wp-block-gallery has-nested-images columns-default is-cropped wp-block-gallery-1 is-layout-flex wp-block-gallery-is-layout-flex\">\n<figure class=\"wp-block-image size-large\"><img decoding=\"async\" width=\"576\" height=\"1024\" data-id=\"3792\" src=\"https:\/\/noticiasregionais.com.br\/wp-content\/uploads\/2024\/11\/WhatsApp-Image-2024-11-04-at-09.47.34-576x1024.jpeg\" alt=\"RUA FRANCISCO DIAS NEGR\u00c3O\" class=\"wp-image-3792\" srcset=\"https:\/\/noticiasregionais.com.br\/wp-content\/uploads\/2024\/11\/WhatsApp-Image-2024-11-04-at-09.47.34-576x1024.jpeg 576w, https:\/\/noticiasregionais.com.br\/wp-content\/uploads\/2024\/11\/WhatsApp-Image-2024-11-04-at-09.47.34-169x300.jpeg 169w, https:\/\/noticiasregionais.com.br\/wp-content\/uploads\/2024\/11\/WhatsApp-Image-2024-11-04-at-09.47.34-768x1365.jpeg 768w, https:\/\/noticiasregionais.com.br\/wp-content\/uploads\/2024\/11\/WhatsApp-Image-2024-11-04-at-09.47.34-864x1536.jpeg 864w, https:\/\/noticiasregionais.com.br\/wp-content\/uploads\/2024\/11\/WhatsApp-Image-2024-11-04-at-09.47.34.jpeg 900w\" sizes=\"(max-width: 576px) 100vw, 576px\" \/><\/figure>\n\n\n\n<figure class=\"wp-block-image size-large\"><img decoding=\"async\" width=\"1024\" height=\"755\" data-id=\"3793\" src=\"https:\/\/noticiasregionais.com.br\/wp-content\/uploads\/2024\/11\/WhatsApp-Image-2024-11-04-at-09.46.53-1024x755.jpeg\" alt=\"RUA VEREADOR JO\u00c3O AM\u00c2NCIODE MORAES\" class=\"wp-image-3793\" srcset=\"https:\/\/noticiasregionais.com.br\/wp-content\/uploads\/2024\/11\/WhatsApp-Image-2024-11-04-at-09.46.53-1024x755.jpeg 1024w, https:\/\/noticiasregionais.com.br\/wp-content\/uploads\/2024\/11\/WhatsApp-Image-2024-11-04-at-09.46.53-300x221.jpeg 300w, https:\/\/noticiasregionais.com.br\/wp-content\/uploads\/2024\/11\/WhatsApp-Image-2024-11-04-at-09.46.53-768x566.jpeg 768w, https:\/\/noticiasregionais.com.br\/wp-content\/uploads\/2024\/11\/WhatsApp-Image-2024-11-04-at-09.46.53.jpeg 1076w\" sizes=\"(max-width: 1024px) 100vw, 1024px\" \/><\/figure>\n\n\n\n<figure class=\"wp-block-image size-large\"><img decoding=\"async\" width=\"1024\" height=\"828\" data-id=\"3794\" src=\"https:\/\/noticiasregionais.com.br\/wp-content\/uploads\/2024\/11\/WhatsApp-Image-2024-11-04-at-09.45.32-1024x828.jpeg\" alt=\"RUA EDUARDO PEREZ\" class=\"wp-image-3794\" srcset=\"https:\/\/noticiasregionais.com.br\/wp-content\/uploads\/2024\/11\/WhatsApp-Image-2024-11-04-at-09.45.32-1024x828.jpeg 1024w, https:\/\/noticiasregionais.com.br\/wp-content\/uploads\/2024\/11\/WhatsApp-Image-2024-11-04-at-09.45.32-300x243.jpeg 300w, https:\/\/noticiasregionais.com.br\/wp-content\/uploads\/2024\/11\/WhatsApp-Image-2024-11-04-at-09.45.32-768x621.jpeg 768w, https:\/\/noticiasregionais.com.br\/wp-content\/uploads\/2024\/11\/WhatsApp-Image-2024-11-04-at-09.45.32.jpeg 1125w\" sizes=\"(max-width: 1024px) 100vw, 1024px\" \/><\/figure>\n<\/figure>\n<input type=\"hidden\" id=\"baseurl\" value=\"https:\/\/noticiasregionais.com.br\"><input type=\"hidden\" id=\"audio_nonce\" value=\"533fbb67b1\">","protected":false},"excerpt":{"rendered":"<p>Neste \u00faltimo fim de semana, o 31\u00ba Batalh\u00e3o de Pol\u00edcia Militar de Ourinhos realizou opera\u00e7\u00f5es de combate ao tr\u00e1fico de&hellip;<\/p>\n","protected":false},"author":1,"featured_media":3791,"comment_status":"closed","ping_status":"open","sticky":false,"template":"","format":"standard","meta":{"sfsi_plus_gutenberg_text_before_share":"","sfsi_plus_gutenberg_show_text_before_share":"","sfsi_plus_gutenberg_icon_type":"","sfsi_plus_gutenberg_icon_alignemt":"","sfsi_plus_gutenburg_max_per_row":"","footnotes":""},"categories":[5,10,1],"tags":[],"class_list":["post-3790","post","type-post","status-publish","format-standard","has-post-thumbnail","hentry","category-ourinhos","category-destaques","category-noticias"],"_links":{"self":[{"href":"https:\/\/noticiasregionais.com.br\/index.php?rest_route=\/wp\/v2\/posts\/3790","targetHints":{"allow":["GET"]}}],"collection":[{"href":"https:\/\/noticiasregionais.com.br\/index.php?rest_route=\/wp\/v2\/posts"}],"about":[{"href":"https:\/\/noticiasregionais.com.br\/index.php?rest_route=\/wp\/v2\/types\/post"}],"author":[{"embeddable":true,"href":"https:\/\/noticiasregionais.com.br\/index.php?rest_route=\/wp\/v2\/users\/1"}],"replies":[{"embeddable":true,"href":"https:\/\/noticiasregionais.com.br\/index.php?rest_route=%2Fwp%2Fv2%2Fcomments&post=3790"}],"version-history":[{"count":1,"href":"https:\/\/noticiasregionais.com.br\/index.php?rest_route=\/wp\/v2\/posts\/3790\/revisions"}],"predecessor-version":[{"id":3795,"href":"https:\/\/noticiasregionais.com.br\/index.php?rest_route=\/wp\/v2\/posts\/3790\/revisions\/3795"}],"wp:featuredmedia":[{"embeddable":true,"href":"https:\/\/noticiasregionais.com.br\/index.php?rest_route=\/wp\/v2\/media\/3791"}],"wp:attachment":[{"href":"https:\/\/noticiasregionais.com.br\/index.php?rest_route=%2Fwp%2Fv2%2Fmedia&parent=3790"}],"wp:term":[{"taxonomy":"category","embeddable":true,"href":"https:\/\/noticiasregionais.com.br\/index.php?rest_route=%2Fwp%2Fv2%2Fcategories&post=3790"},{"taxonomy":"post_tag","embeddable":true,"href":"https:\/\/noticiasregionais.com.br\/index.php?rest_route=%2Fwp%2Fv2%2Ftags&post=3790"}],"curies":[{"name":"wp","href":"https:\/\/api.w.org\/{rel}","templated":true}]}}