{"id":3796,"date":"2024-11-04T11:38:15","date_gmt":"2024-11-04T14:38:15","guid":{"rendered":"https:\/\/noticiasregionais.com.br\/?p=3796"},"modified":"2024-11-04T11:41:56","modified_gmt":"2024-11-04T14:41:56","slug":"pre-prende-traficantes-com-mais-de-158-kg-de-drogas-em-santa-cruz-do-rio-pardo","status":"publish","type":"post","link":"https:\/\/noticiasregionais.com.br\/?p=3796","title":{"rendered":"PRE prende traficantes com mais de 158 kg de drogas em Santa Cruz do Rio Pardo"},"content":{"rendered":"\n<p>Na noite de sexta-feira, 1\u00ba de novembro de 2024, a Pol\u00edcia Militar Rodovi\u00e1ria prendeu dois homens suspeitos de tr\u00e1fico de drogas durante uma abordagem na Rodovia Engenheiro Jo\u00e3o Baptista Cabral Renn\u00f3 (SP-225), no km 301, em Santa Cruz do Rio Pardo, interior de S\u00e3o Paulo. A a\u00e7\u00e3o fez parte da Opera\u00e7\u00e3o Impacto\/Divisa, que visa refor\u00e7ar a seguran\u00e7a em \u00e1reas de fronteira estadual.<\/p>\n\n\n\n<p>Por volta das 21h05, os policiais interceptaram um ve\u00edculo VW\/Fox com duas pessoas a bordo. Ao revistar o carro, a equipe localizou um grande volume de drogas: 158 tabletes de maconha, pesando um total de 158,206 kg, armazenados no porta-malas e no banco traseiro. Al\u00e9m da quantidade significativa de maconha, tamb\u00e9m foram encontrados pacotes de skunk, uma vers\u00e3o mais potente da droga.<\/p>\n\n\n\n<p>Os ocupantes do ve\u00edculo, que possuem antecedentes criminais, estavam usando placas de um Hyundai\/HB20. Embora o ve\u00edculo n\u00e3o apresentasse queixa de roubo ou furto, a adultera\u00e7\u00e3o das placas e de outros sinais identificadores sugerem tentativa de despistar a fiscaliza\u00e7\u00e3o.<\/p>\n\n\n\n<p>A ocorr\u00eancia foi registrada na Central de Pol\u00edcia Judici\u00e1ria (CPJ) de Ourinhos, onde foi lavrado um Auto de Pris\u00e3o em Flagrante Delito (APFD) contra os dois indiv\u00edduos pelos crimes de tr\u00e1fico de drogas, associa\u00e7\u00e3o criminosa e adultera\u00e7\u00e3o de sinal identificador veicular. O ve\u00edculo e a droga foram apreendidos pelas autoridades.<\/p>\n\n\n\n<p>Com opera\u00e7\u00f5es de refor\u00e7o policial em rodovias, como a Impacto\/Divisa, a Pol\u00edcia Militar Rodovi\u00e1ria continua seu trabalho na preven\u00e7\u00e3o e combate ao tr\u00e1fico de drogas no estado, demonstrando a import\u00e2ncia de fiscaliza\u00e7\u00f5es constantes nas estradas para inibir o transporte ilegal de entorpecentes e coibir o crime organizado.<\/p>\n<input type=\"hidden\" id=\"baseurl\" value=\"https:\/\/noticiasregionais.com.br\"><input type=\"hidden\" id=\"audio_nonce\" value=\"533fbb67b1\">","protected":false},"excerpt":{"rendered":"<p>Na noite de sexta-feira, 1\u00ba de novembro de 2024, a Pol\u00edcia Militar Rodovi\u00e1ria prendeu dois homens suspeitos de tr\u00e1fico de&hellip;<\/p>\n","protected":false},"author":1,"featured_media":3797,"comment_status":"closed","ping_status":"open","sticky":false,"template":"","format":"standard","meta":{"sfsi_plus_gutenberg_text_before_share":"","sfsi_plus_gutenberg_show_text_before_share":"","sfsi_plus_gutenberg_icon_type":"","sfsi_plus_gutenberg_icon_alignemt":"","sfsi_plus_gutenburg_max_per_row":"","footnotes":""},"categories":[1,10,6],"tags":[],"class_list":["post-3796","post","type-post","status-publish","format-standard","has-post-thumbnail","hentry","category-noticias","category-destaques","category-sao_paulo"],"_links":{"self":[{"href":"https:\/\/noticiasregionais.com.br\/index.php?rest_route=\/wp\/v2\/posts\/3796","targetHints":{"allow":["GET"]}}],"collection":[{"href":"https:\/\/noticiasregionais.com.br\/index.php?rest_route=\/wp\/v2\/posts"}],"about":[{"href":"https:\/\/noticiasregionais.com.br\/index.php?rest_route=\/wp\/v2\/types\/post"}],"author":[{"embeddable":true,"href":"https:\/\/noticiasregionais.com.br\/index.php?rest_route=\/wp\/v2\/users\/1"}],"replies":[{"embeddable":true,"href":"https:\/\/noticiasregionais.com.br\/index.php?rest_route=%2Fwp%2Fv2%2Fcomments&post=3796"}],"version-history":[{"count":1,"href":"https:\/\/noticiasregionais.com.br\/index.php?rest_route=\/wp\/v2\/posts\/3796\/revisions"}],"predecessor-version":[{"id":3798,"href":"https:\/\/noticiasregionais.com.br\/index.php?rest_route=\/wp\/v2\/posts\/3796\/revisions\/3798"}],"wp:featuredmedia":[{"embeddable":true,"href":"https:\/\/noticiasregionais.com.br\/index.php?rest_route=\/wp\/v2\/media\/3797"}],"wp:attachment":[{"href":"https:\/\/noticiasregionais.com.br\/index.php?rest_route=%2Fwp%2Fv2%2Fmedia&parent=3796"}],"wp:term":[{"taxonomy":"category","embeddable":true,"href":"https:\/\/noticiasregionais.com.br\/index.php?rest_route=%2Fwp%2Fv2%2Fcategories&post=3796"},{"taxonomy":"post_tag","embeddable":true,"href":"https:\/\/noticiasregionais.com.br\/index.php?rest_route=%2Fwp%2Fv2%2Ftags&post=3796"}],"curies":[{"name":"wp","href":"https:\/\/api.w.org\/{rel}","templated":true}]}}