{"id":3799,"date":"2024-11-04T12:22:04","date_gmt":"2024-11-04T15:22:04","guid":{"rendered":"https:\/\/noticiasregionais.com.br\/?p=3799"},"modified":"2024-11-04T12:22:51","modified_gmt":"2024-11-04T15:22:51","slug":"iv-cafe-pedagogico-escrevendo-futuro-um-encontro-inspirador-para-professores-e-comunidade-em-ourinhos","status":"publish","type":"post","link":"https:\/\/noticiasregionais.com.br\/?p=3799","title":{"rendered":"IV Caf\u00e9 Pedag\u00f3gico &#8211; Escrevendo futuro: Um encontro inspirador para professores e comunidade em Ourinhos"},"content":{"rendered":"\n<p>No pr\u00f3ximo s\u00e1bado, 9 de novembro, Ourinhos ser\u00e1 palco de um evento especial dedicado \u00e0 educa\u00e7\u00e3o e \u00e0 literatura: o IV Caf\u00e9 Pedag\u00f3gico &#8211; Escrevendo Futuro, um encontro que promete aproximar professores, escritores e a comunidade em uma manh\u00e3 repleta de troca de experi\u00eancias, inspira\u00e7\u00e3o e celebra\u00e7\u00e3o da produ\u00e7\u00e3o liter\u00e1ria.<\/p>\n\n\n\n<p>O evento, organizado pelo professor Rodrigo Mendes, acontecer\u00e1 a partir das 9h no Centro do Professorado Paulista (CPP) de Ourinhos. Aberto e gratuito, o encontro convida n\u00e3o s\u00f3 os educadores, mas todos os interessados em aprender mais sobre o universo da escrita e da educa\u00e7\u00e3o. Com o tema &#8220;Escrevendo Futuro&#8221;, a manh\u00e3 incluir\u00e1 uma roda de conversa sobre os processos criativos, desafios e conquistas dos professores escritores, destacando a jornada desses profissionais que transformam suas viv\u00eancias em livros e cord\u00e9is.<\/p>\n\n\n\n<p>Entre os convidados est\u00e3o:<\/p>\n\n\n\n<p>Professora Paula Dias \u2013 autora de cord\u00e9is;<br>Professora Maria Cristina Zaniboni \u2013 escritora de literatura infantojuvenil;<br>Professor Dorivaldo Ferreira \u2013 romancista;<br>Professora Taynara Ripoli \u2013 autora de literatura infantil.<br>Al\u00e9m das discuss\u00f5es, o evento contar\u00e1 com sorteio de brindes, venda de livros e, claro, um caf\u00e9 especial para aquecer as conversas e conectar os participantes. Os interessados podem se inscrever ou obter mais informa\u00e7\u00f5es pelo telefone (14) 98123-4744.<\/p>\n\n\n\n<p>IV Caf\u00e9 Pedag\u00f3gico &#8211; Escrevendo Futuro \u00e9 uma oportunidade de fortalecer la\u00e7os, valorizar a produ\u00e7\u00e3o cultural local e inspirar novos caminhos na educa\u00e7\u00e3o.<\/p>\n\n\n<div class=\"wp-block-image\">\n<figure class=\"aligncenter size-full\"><img decoding=\"async\" width=\"615\" height=\"733\" src=\"https:\/\/noticiasregionais.com.br\/wp-content\/uploads\/2024\/11\/Cafe-Pedagogico.jpg\" alt=\"\" class=\"wp-image-3800\" srcset=\"https:\/\/noticiasregionais.com.br\/wp-content\/uploads\/2024\/11\/Cafe-Pedagogico.jpg 615w, https:\/\/noticiasregionais.com.br\/wp-content\/uploads\/2024\/11\/Cafe-Pedagogico-252x300.jpg 252w\" sizes=\"(max-width: 615px) 100vw, 615px\" \/><\/figure>\n<\/div><input type=\"hidden\" id=\"baseurl\" value=\"https:\/\/noticiasregionais.com.br\"><input type=\"hidden\" id=\"audio_nonce\" value=\"533fbb67b1\">","protected":false},"excerpt":{"rendered":"<p>No pr\u00f3ximo s\u00e1bado, 9 de novembro, Ourinhos ser\u00e1 palco de um evento especial dedicado \u00e0 educa\u00e7\u00e3o e \u00e0 literatura: o&hellip;<\/p>\n","protected":false},"author":1,"featured_media":3801,"comment_status":"closed","ping_status":"open","sticky":false,"template":"","format":"standard","meta":{"sfsi_plus_gutenberg_text_before_share":"","sfsi_plus_gutenberg_show_text_before_share":"","sfsi_plus_gutenberg_icon_type":"","sfsi_plus_gutenberg_icon_alignemt":"","sfsi_plus_gutenburg_max_per_row":"","footnotes":""},"categories":[5,12,1],"tags":[],"class_list":["post-3799","post","type-post","status-publish","format-standard","has-post-thumbnail","hentry","category-ourinhos","category-capa","category-noticias"],"_links":{"self":[{"href":"https:\/\/noticiasregionais.com.br\/index.php?rest_route=\/wp\/v2\/posts\/3799","targetHints":{"allow":["GET"]}}],"collection":[{"href":"https:\/\/noticiasregionais.com.br\/index.php?rest_route=\/wp\/v2\/posts"}],"about":[{"href":"https:\/\/noticiasregionais.com.br\/index.php?rest_route=\/wp\/v2\/types\/post"}],"author":[{"embeddable":true,"href":"https:\/\/noticiasregionais.com.br\/index.php?rest_route=\/wp\/v2\/users\/1"}],"replies":[{"embeddable":true,"href":"https:\/\/noticiasregionais.com.br\/index.php?rest_route=%2Fwp%2Fv2%2Fcomments&post=3799"}],"version-history":[{"count":1,"href":"https:\/\/noticiasregionais.com.br\/index.php?rest_route=\/wp\/v2\/posts\/3799\/revisions"}],"predecessor-version":[{"id":3802,"href":"https:\/\/noticiasregionais.com.br\/index.php?rest_route=\/wp\/v2\/posts\/3799\/revisions\/3802"}],"wp:featuredmedia":[{"embeddable":true,"href":"https:\/\/noticiasregionais.com.br\/index.php?rest_route=\/wp\/v2\/media\/3801"}],"wp:attachment":[{"href":"https:\/\/noticiasregionais.com.br\/index.php?rest_route=%2Fwp%2Fv2%2Fmedia&parent=3799"}],"wp:term":[{"taxonomy":"category","embeddable":true,"href":"https:\/\/noticiasregionais.com.br\/index.php?rest_route=%2Fwp%2Fv2%2Fcategories&post=3799"},{"taxonomy":"post_tag","embeddable":true,"href":"https:\/\/noticiasregionais.com.br\/index.php?rest_route=%2Fwp%2Fv2%2Ftags&post=3799"}],"curies":[{"name":"wp","href":"https:\/\/api.w.org\/{rel}","templated":true}]}}