{"id":3803,"date":"2024-11-04T15:38:35","date_gmt":"2024-11-04T18:38:35","guid":{"rendered":"https:\/\/noticiasregionais.com.br\/?p=3803"},"modified":"2024-11-04T15:38:39","modified_gmt":"2024-11-04T18:38:39","slug":"prf-apreende-134-kg-de-maconha-em-um-carro-na-divisa-de-sp-com-pr","status":"publish","type":"post","link":"https:\/\/noticiasregionais.com.br\/?p=3803","title":{"rendered":"PRF apreende 134 kg de maconha em um carro na divisa de SP com PR"},"content":{"rendered":"\n<h4 class=\"wp-block-heading has-text-align-center\">Motorista dirigiu alta velocidade e tentou fugir para o mato, mas foi preso<\/h4>\n\n\n\n<p>Uma equipe da PRF prendeu um homem de 24 anos na madrugada desta segunda-feira (4\/11) quando realizava patrulhamento na regi\u00e3o de divisa entre Paran\u00e1 e S\u00e3o Paulo. Ele dirigia um Renault Kwid por volta das 2 horas da madrugada quando recebeu sinal de parada da equipe. Ele desobedeceu e iniciou fuga que se estendeu por cerca de 15 km na rodovia e dentro da cidade, com tentativa de fuga para o mato, mas terminando com o encontro e pris\u00e3o dele.<br>A ocorr\u00eancia teve in\u00edcio em Cambar\u00e1\/PR, no km 20 da BR-369, quando a equipe de S\u00e3o Paulo realizava fiscaliza\u00e7\u00e3o na regi\u00e3o de divisa. Na fuga, o motorista atingiu alta velocidade, dirigiu pela contram\u00e3o de dire\u00e7\u00e3o, realizando manobras com o intuito de jogar a viatura da PRF para o acostamento. Quando estava no km 4, o motorista tomou a contram\u00e3o e tentou fuga para regi\u00e3o de mata, mas logo foi alcan\u00e7ado pelos policiais. <br>Os PRF s encontraram no porta-malas do ve\u00edculo diversos tijolos maconha que resultaram em 134 quilos. A verificarem o ve\u00edculo, tamb\u00e9m descobriram que usava placas clonadas.<br>O homem relatou \u00e0 equipe que pegou o carro na cidade de Maring\u00e1\/PR e que levaria at\u00e9 a grande S\u00e3o Paulo, n\u00e3o soube precisar local espec\u00edfico. Ele foi encaminhado para a pol\u00edcia judici\u00e1ria em Jacarezinho\/PR pelos crimes de tr\u00e1fico de drogas e adultera\u00e7\u00e3o de sinal identificador de ve\u00edculo.<\/p>\n<input type=\"hidden\" id=\"baseurl\" value=\"https:\/\/noticiasregionais.com.br\"><input type=\"hidden\" id=\"audio_nonce\" value=\"533fbb67b1\">","protected":false},"excerpt":{"rendered":"<p>Motorista dirigiu alta velocidade e tentou fugir para o mato, mas foi preso Uma equipe da PRF prendeu um homem&hellip;<\/p>\n","protected":false},"author":1,"featured_media":3804,"comment_status":"closed","ping_status":"open","sticky":false,"template":"","format":"standard","meta":{"sfsi_plus_gutenberg_text_before_share":"","sfsi_plus_gutenberg_show_text_before_share":"","sfsi_plus_gutenberg_icon_type":"","sfsi_plus_gutenberg_icon_alignemt":"","sfsi_plus_gutenburg_max_per_row":"","footnotes":""},"categories":[7,10,1],"tags":[],"class_list":["post-3803","post","type-post","status-publish","format-standard","has-post-thumbnail","hentry","category-parana","category-destaques","category-noticias"],"_links":{"self":[{"href":"https:\/\/noticiasregionais.com.br\/index.php?rest_route=\/wp\/v2\/posts\/3803","targetHints":{"allow":["GET"]}}],"collection":[{"href":"https:\/\/noticiasregionais.com.br\/index.php?rest_route=\/wp\/v2\/posts"}],"about":[{"href":"https:\/\/noticiasregionais.com.br\/index.php?rest_route=\/wp\/v2\/types\/post"}],"author":[{"embeddable":true,"href":"https:\/\/noticiasregionais.com.br\/index.php?rest_route=\/wp\/v2\/users\/1"}],"replies":[{"embeddable":true,"href":"https:\/\/noticiasregionais.com.br\/index.php?rest_route=%2Fwp%2Fv2%2Fcomments&post=3803"}],"version-history":[{"count":1,"href":"https:\/\/noticiasregionais.com.br\/index.php?rest_route=\/wp\/v2\/posts\/3803\/revisions"}],"predecessor-version":[{"id":3805,"href":"https:\/\/noticiasregionais.com.br\/index.php?rest_route=\/wp\/v2\/posts\/3803\/revisions\/3805"}],"wp:featuredmedia":[{"embeddable":true,"href":"https:\/\/noticiasregionais.com.br\/index.php?rest_route=\/wp\/v2\/media\/3804"}],"wp:attachment":[{"href":"https:\/\/noticiasregionais.com.br\/index.php?rest_route=%2Fwp%2Fv2%2Fmedia&parent=3803"}],"wp:term":[{"taxonomy":"category","embeddable":true,"href":"https:\/\/noticiasregionais.com.br\/index.php?rest_route=%2Fwp%2Fv2%2Fcategories&post=3803"},{"taxonomy":"post_tag","embeddable":true,"href":"https:\/\/noticiasregionais.com.br\/index.php?rest_route=%2Fwp%2Fv2%2Ftags&post=3803"}],"curies":[{"name":"wp","href":"https:\/\/api.w.org\/{rel}","templated":true}]}}