{"id":3806,"date":"2024-11-04T16:38:44","date_gmt":"2024-11-04T19:38:44","guid":{"rendered":"https:\/\/noticiasregionais.com.br\/?p=3806"},"modified":"2024-11-04T16:38:47","modified_gmt":"2024-11-04T19:38:47","slug":"ourinhos-saneamento-anuncia-mudancas-no-valor-total-nas-contas-de-agua-e-esgoto","status":"publish","type":"post","link":"https:\/\/noticiasregionais.com.br\/?p=3806","title":{"rendered":"Ourinhos Saneamento anuncia mudan\u00e7as no valor total nas contas de \u00e1gua e esgoto"},"content":{"rendered":"\n<p class=\"has-text-align-center\"><strong>A empresa Ourinhos Saneamento, respons\u00e1vel pelo abastecimento de \u00e1gua e coleta de esgoto na cidade, anunciou mudan\u00e7as nas contas dos consumidores. As altera\u00e7\u00f5es entram em vigor a partir desse m\u00eas.<\/strong><\/p>\n\n\n\n<p><strong>Principais mudan\u00e7as:<\/strong><\/p>\n\n\n\n<ul class=\"wp-block-list\">\n<li><strong>Nova faixa de consumo:<\/strong> A cobran\u00e7a da \u00e1gua passar\u00e1 a ser calculada a cada 10 metros c\u00fabicos (m\u00b3), em vez dos 5m\u00b3 anteriores.<\/li>\n\n\n\n<li><strong>Redu\u00e7\u00e3o da tarifa de esgoto:<\/strong> A porcentagem da tarifa de esgoto sobre a de \u00e1gua ser\u00e1 reduzida de 70% para 50%.<\/li>\n\n\n\n<li><strong>Aumento da tarifa total:<\/strong> Apesar da redu\u00e7\u00e3o na porcentagem do esgoto, o valor total da conta ter\u00e1 um aumento m\u00e9dio de 6,5%, devido \u00e0 nova faixa de consumo.<\/li>\n\n\n\n<li><strong>Tarifa social:<\/strong> A empresa implementar\u00e1 uma tarifa social para fam\u00edlias de baixa renda, com crit\u00e9rios definidos pela Prefeitura Municipal.<\/li>\n\n\n\n<li><strong>Novos canais de atendimento:<\/strong> A Ourinhos Saneamento disponibilizar\u00e1 um novo n\u00famero de WhatsApp (11 95020-6424) para atendimento 24 horas, al\u00e9m do 0800-687-4646.<\/li>\n\n\n\n<li><strong>Troca de hidr\u00f4metros:<\/strong> A empresa realizar\u00e1 a troca gratuita dos hidr\u00f4metros antigos.<\/li>\n\n\n\n<li><strong>Novo endere\u00e7o de atendimento:<\/strong> Os clientes poder\u00e3o ser atendidos presencialmente na Rua Altino Arantes, 890, das 8h30 \u00e0s 16h30.<\/li>\n<\/ul>\n\n\n\n<p><strong>O que muda na pr\u00e1tica:<\/strong><\/p>\n\n\n\n<p>Com as novas regras, a conta m\u00ednima de \u00e1gua passar\u00e1 de R$ 23,28 para R$ 28,30, enquanto a parte referente ao esgoto ter\u00e1 um acr\u00e9scimo de R$ 14,15. O valor total da conta m\u00ednima subir\u00e1 de R$ 39,75 para R$ 42,25.<\/p>\n\n\n\n<p><strong>Justificativas da empresa:<\/strong><\/p>\n\n\n\n<p>A Ourinhos Saneamento justifica o aumento da tarifa com a necessidade de adequar a cobran\u00e7a ao consumo real da popula\u00e7\u00e3o e investir em melhorias no sistema de abastecimento e coleta de esgoto. A redu\u00e7\u00e3o da tarifa de esgoto, por outro lado, visa aliviar o impacto da nova estrutura de cobran\u00e7a nos consumidores.<\/p>\n\n\n\n<p><strong>Mais informa\u00e7\u00f5es:<\/strong><\/p>\n\n\n\n<p>Para mais informa\u00e7\u00f5es sobre as mudan\u00e7as e a tarifa social, os consumidores podem entrar em contato com a Ourinhos Saneamento pelos canais de atendimento disponibilizados.<\/p>\n<input type=\"hidden\" id=\"baseurl\" value=\"https:\/\/noticiasregionais.com.br\"><input type=\"hidden\" id=\"audio_nonce\" value=\"533fbb67b1\">","protected":false},"excerpt":{"rendered":"<p>A empresa Ourinhos Saneamento, respons\u00e1vel pelo abastecimento de \u00e1gua e coleta de esgoto na cidade, anunciou mudan\u00e7as nas contas dos&hellip;<\/p>\n","protected":false},"author":1,"featured_media":1537,"comment_status":"closed","ping_status":"open","sticky":false,"template":"","format":"standard","meta":{"sfsi_plus_gutenberg_text_before_share":"","sfsi_plus_gutenberg_show_text_before_share":"","sfsi_plus_gutenberg_icon_type":"","sfsi_plus_gutenberg_icon_alignemt":"","sfsi_plus_gutenburg_max_per_row":"","footnotes":""},"categories":[5,12,1],"tags":[],"class_list":["post-3806","post","type-post","status-publish","format-standard","has-post-thumbnail","hentry","category-ourinhos","category-capa","category-noticias"],"_links":{"self":[{"href":"https:\/\/noticiasregionais.com.br\/index.php?rest_route=\/wp\/v2\/posts\/3806","targetHints":{"allow":["GET"]}}],"collection":[{"href":"https:\/\/noticiasregionais.com.br\/index.php?rest_route=\/wp\/v2\/posts"}],"about":[{"href":"https:\/\/noticiasregionais.com.br\/index.php?rest_route=\/wp\/v2\/types\/post"}],"author":[{"embeddable":true,"href":"https:\/\/noticiasregionais.com.br\/index.php?rest_route=\/wp\/v2\/users\/1"}],"replies":[{"embeddable":true,"href":"https:\/\/noticiasregionais.com.br\/index.php?rest_route=%2Fwp%2Fv2%2Fcomments&post=3806"}],"version-history":[{"count":1,"href":"https:\/\/noticiasregionais.com.br\/index.php?rest_route=\/wp\/v2\/posts\/3806\/revisions"}],"predecessor-version":[{"id":3807,"href":"https:\/\/noticiasregionais.com.br\/index.php?rest_route=\/wp\/v2\/posts\/3806\/revisions\/3807"}],"wp:featuredmedia":[{"embeddable":true,"href":"https:\/\/noticiasregionais.com.br\/index.php?rest_route=\/wp\/v2\/media\/1537"}],"wp:attachment":[{"href":"https:\/\/noticiasregionais.com.br\/index.php?rest_route=%2Fwp%2Fv2%2Fmedia&parent=3806"}],"wp:term":[{"taxonomy":"category","embeddable":true,"href":"https:\/\/noticiasregionais.com.br\/index.php?rest_route=%2Fwp%2Fv2%2Fcategories&post=3806"},{"taxonomy":"post_tag","embeddable":true,"href":"https:\/\/noticiasregionais.com.br\/index.php?rest_route=%2Fwp%2Fv2%2Ftags&post=3806"}],"curies":[{"name":"wp","href":"https:\/\/api.w.org\/{rel}","templated":true}]}}