{"id":3808,"date":"2024-11-04T22:46:46","date_gmt":"2024-11-05T01:46:46","guid":{"rendered":"https:\/\/noticiasregionais.com.br\/?p=3808"},"modified":"2024-11-04T22:46:49","modified_gmt":"2024-11-05T01:46:49","slug":"funcionarios-da-eta-ficam-jogados-no-predio-da-sae-apos-privatizacao-dos-servicos-de-agua-e-esgoto","status":"publish","type":"post","link":"https:\/\/noticiasregionais.com.br\/?p=3808","title":{"rendered":"Funcion\u00e1rios da ETA ficam &#8220;jogados&#8221; no pr\u00e9dio da SAE ap\u00f3s privatiza\u00e7\u00e3o dos servi\u00e7os de \u00e1gua e esgoto"},"content":{"rendered":"\n<h4 class=\"wp-block-heading has-text-align-center\"><strong>A maioria dos servidores que atuavam na Esta\u00e7\u00e3o de Tratamento de \u00c1gua aguardam encaminhamento em meio a den\u00fancias de cargos sem ocupa\u00e7\u00e3o e falta de planejamento na prefeitura<\/strong><\/h4>\n\n\n\n<p>Ap\u00f3s a privatiza\u00e7\u00e3o dos servi\u00e7os de saneamento antes executados pela Superintend\u00eancia de \u00c1gua e Esgoto (SAE), funcion\u00e1rios concursados se encontram sem fun\u00e7\u00e3o no antigo pr\u00e9dio administrativo da autarquia, localizado no centro da cidade. A opera\u00e7\u00e3o dos servi\u00e7os de \u00e1gua e esgoto do munic\u00edpio passou a ser executada pelo cons\u00f3rcio GS-Inima Tra\u00e7ado &#8211; Ourinhos Saneamento desde o dia 1\u00ba de novembro. No entanto, a transi\u00e7\u00e3o gerou cr\u00edticas e den\u00fancias de desorganiza\u00e7\u00e3o, j\u00e1 que muitos servidores ficaram sem novas ocupa\u00e7\u00f5es, aguardando direcionamento em uma estrutura que aparenta n\u00e3o comportar todos os cargos anteriores.<\/p>\n\n\n\n<p><strong>Deslocados e sem fun\u00e7\u00e3o<br><\/strong>De acordo com funcion\u00e1rios, a situa\u00e7\u00e3o envolve mais de 30 profissionais da ETA que agora est\u00e3o \u201cjogados\u201d no pr\u00e9dio da SAE, sem uma ocupa\u00e7\u00e3o definida. Entre os setores mais afetados est\u00e3o o laborat\u00f3rio, a oficina e a equipe de redes. No laborat\u00f3rio apenas um foi realocado; na oficina, nenhum dos trabalhadores recebeu novo encaminhamento; e no setor de redes, quase todos os profissionais aguardam atribui\u00e7\u00e3o de novas fun\u00e7\u00f5es. A falta de planejamento para a distribui\u00e7\u00e3o desses servidores refor\u00e7a a preocupa\u00e7\u00e3o sobre a destina\u00e7\u00e3o de cargos e fun\u00e7\u00f5es.<\/p>\n\n\n\n<p><strong>Cargos sem atribui\u00e7\u00e3o definida<br><\/strong>Funcion\u00e1rios e fontes internas apontam que os cargos vinculados \u00e0 SAE, que agora operam sob a Secretaria de Meio Ambiente, foram criados no Di\u00e1rio Oficial sem atribui\u00e7\u00f5es espec\u00edficas ou compat\u00edveis com a nova estrutura da prefeitura. Nos quadros de funcion\u00e1rios da extinta SAE em Mar\u00e7o de 2024 constavam 42 oficiais de rede e ao menos 20 tecnicos em produ\u00e7\u00e3o de \u00e1gua, fun\u00e7\u00f5es essas para quais n\u00e3o existem similares na PMO. Isso gera d\u00favidas sobre a organiza\u00e7\u00e3o e gest\u00e3o desses recursos humanos, al\u00e9m de refletir uma poss\u00edvel inefici\u00eancia na transi\u00e7\u00e3o dos servi\u00e7os para o setor privado.<\/p>\n\n\n\n<p><strong>Sem previs\u00e3o de solu\u00e7\u00e3o<br><\/strong>A expectativa \u00e9 de que muitos desses servidores permane\u00e7am sem fun\u00e7\u00e3o por at\u00e9 60 dias, aguardando a mudan\u00e7a de governo. O impasse gera incerteza para os trabalhadores e suas fam\u00edlias, que enfrentam um per\u00edodo de transi\u00e7\u00e3o sem garantias sobre o futuro de seus cargos e atividades. A situa\u00e7\u00e3o ainda gera questionamentos por parte do uso inadequado dos recursos de impostos pagos pela comunidade Ourinhense.<\/p>\n<input type=\"hidden\" id=\"baseurl\" value=\"https:\/\/noticiasregionais.com.br\"><input type=\"hidden\" id=\"audio_nonce\" value=\"62e6e21d74\">","protected":false},"excerpt":{"rendered":"<p>A maioria dos servidores que atuavam na Esta\u00e7\u00e3o de Tratamento de \u00c1gua aguardam encaminhamento em meio a den\u00fancias de cargos&hellip;<\/p>\n","protected":false},"author":1,"featured_media":2275,"comment_status":"closed","ping_status":"open","sticky":false,"template":"","format":"standard","meta":{"sfsi_plus_gutenberg_text_before_share":"","sfsi_plus_gutenberg_show_text_before_share":"","sfsi_plus_gutenberg_icon_type":"","sfsi_plus_gutenberg_icon_alignemt":"","sfsi_plus_gutenburg_max_per_row":"","footnotes":""},"categories":[5,12,1],"tags":[],"class_list":["post-3808","post","type-post","status-publish","format-standard","has-post-thumbnail","hentry","category-ourinhos","category-capa","category-noticias"],"_links":{"self":[{"href":"https:\/\/noticiasregionais.com.br\/index.php?rest_route=\/wp\/v2\/posts\/3808","targetHints":{"allow":["GET"]}}],"collection":[{"href":"https:\/\/noticiasregionais.com.br\/index.php?rest_route=\/wp\/v2\/posts"}],"about":[{"href":"https:\/\/noticiasregionais.com.br\/index.php?rest_route=\/wp\/v2\/types\/post"}],"author":[{"embeddable":true,"href":"https:\/\/noticiasregionais.com.br\/index.php?rest_route=\/wp\/v2\/users\/1"}],"replies":[{"embeddable":true,"href":"https:\/\/noticiasregionais.com.br\/index.php?rest_route=%2Fwp%2Fv2%2Fcomments&post=3808"}],"version-history":[{"count":1,"href":"https:\/\/noticiasregionais.com.br\/index.php?rest_route=\/wp\/v2\/posts\/3808\/revisions"}],"predecessor-version":[{"id":3809,"href":"https:\/\/noticiasregionais.com.br\/index.php?rest_route=\/wp\/v2\/posts\/3808\/revisions\/3809"}],"wp:featuredmedia":[{"embeddable":true,"href":"https:\/\/noticiasregionais.com.br\/index.php?rest_route=\/wp\/v2\/media\/2275"}],"wp:attachment":[{"href":"https:\/\/noticiasregionais.com.br\/index.php?rest_route=%2Fwp%2Fv2%2Fmedia&parent=3808"}],"wp:term":[{"taxonomy":"category","embeddable":true,"href":"https:\/\/noticiasregionais.com.br\/index.php?rest_route=%2Fwp%2Fv2%2Fcategories&post=3808"},{"taxonomy":"post_tag","embeddable":true,"href":"https:\/\/noticiasregionais.com.br\/index.php?rest_route=%2Fwp%2Fv2%2Ftags&post=3808"}],"curies":[{"name":"wp","href":"https:\/\/api.w.org\/{rel}","templated":true}]}}