{"id":3810,"date":"2024-11-05T10:40:40","date_gmt":"2024-11-05T13:40:40","guid":{"rendered":"https:\/\/noticiasregionais.com.br\/?p=3810"},"modified":"2024-11-05T10:46:21","modified_gmt":"2024-11-05T13:46:21","slug":"forca-tatica-de-ourinhos-apreende-adolescentes-por-trafico-de-drogas","status":"publish","type":"post","link":"https:\/\/noticiasregionais.com.br\/?p=3810","title":{"rendered":"For\u00e7a T\u00e1tica de Ourinhos apreende adolescentes por Tr\u00e1fico de Drogas"},"content":{"rendered":"\n<p>Na noite de segunda-feira (05\/11), policiais da For\u00e7a T\u00e1tica do 31\u00ba Batalh\u00e3o da Pol\u00edcia Militar do Interior (BPM\/I) realizaram a apreens\u00e3o de dois adolescentes na Rua Eduardo Peres, em Ourinhos. A a\u00e7\u00e3o ocorreu durante um patrulhamento de rotina, quando os jovens, j\u00e1 conhecidos pela movimenta\u00e7\u00e3o suspeita, foram abordados e flagrados com ind\u00edcios de envolvimento no tr\u00e1fico de drogas.<\/p>\n\n\n\n<p>Durante a revista, os policiais encontraram com os adolescentes a quantia de R$ 155,00, duas por\u00e7\u00f5es de crack, uma l\u00e2mina utilizada para cortar a droga e um celular. Al\u00e9m disso, pr\u00f3ximo ao local da abordagem, os agentes localizaram um embrulho que havia sido dispensado pouco antes e que continha uma quantidade maior de crack, que estava pronta para ser fracionada e distribu\u00edda.<\/p>\n\n\n\n<p>Ao serem questionados, os adolescentes admitiram estar atuando na venda de entorpecentes. Ambos foram levados para a Central de Pol\u00edcia Judici\u00e1ria de Ourinhos, onde a ocorr\u00eancia foi registrada como Ato Infracional de Tr\u00e1fico de Drogas. Eles permanecem apreendidos e \u00e0 disposi\u00e7\u00e3o da Justi\u00e7a para as medidas cab\u00edveis.<\/p>\n\n\n\n<p>O tr\u00e1fico de drogas entre adolescentes \u00e9 uma preocupa\u00e7\u00e3o crescente para as autoridades locais, que t\u00eam intensificado o monitoramento em \u00e1reas com alto \u00edndice de ocorr\u00eancias de tr\u00e1fico. A Pol\u00edcia Militar destaca que a\u00e7\u00f5es de patrulhamento preventivo, como essa, s\u00e3o fundamentais para inibir a atua\u00e7\u00e3o do crime organizado e reduzir o aliciamento de jovens.<\/p>\n\n\n\n<p>A popula\u00e7\u00e3o \u00e9 encorajada a colaborar com as autoridades por meio de den\u00fancias an\u00f4nimas, auxiliando a Pol\u00edcia Militar no combate ao tr\u00e1fico e na preserva\u00e7\u00e3o da seguran\u00e7a p\u00fablica.<\/p>\n<input type=\"hidden\" id=\"baseurl\" value=\"https:\/\/noticiasregionais.com.br\"><input type=\"hidden\" id=\"audio_nonce\" value=\"533fbb67b1\">","protected":false},"excerpt":{"rendered":"<p>Na noite de segunda-feira (05\/11), policiais da For\u00e7a T\u00e1tica do 31\u00ba Batalh\u00e3o da Pol\u00edcia Militar do Interior (BPM\/I) realizaram a&hellip;<\/p>\n","protected":false},"author":1,"featured_media":3811,"comment_status":"closed","ping_status":"open","sticky":false,"template":"","format":"standard","meta":{"sfsi_plus_gutenberg_text_before_share":"","sfsi_plus_gutenberg_show_text_before_share":"","sfsi_plus_gutenberg_icon_type":"","sfsi_plus_gutenberg_icon_alignemt":"","sfsi_plus_gutenburg_max_per_row":"","footnotes":""},"categories":[1,10,5],"tags":[],"class_list":["post-3810","post","type-post","status-publish","format-standard","has-post-thumbnail","hentry","category-noticias","category-destaques","category-ourinhos"],"_links":{"self":[{"href":"https:\/\/noticiasregionais.com.br\/index.php?rest_route=\/wp\/v2\/posts\/3810","targetHints":{"allow":["GET"]}}],"collection":[{"href":"https:\/\/noticiasregionais.com.br\/index.php?rest_route=\/wp\/v2\/posts"}],"about":[{"href":"https:\/\/noticiasregionais.com.br\/index.php?rest_route=\/wp\/v2\/types\/post"}],"author":[{"embeddable":true,"href":"https:\/\/noticiasregionais.com.br\/index.php?rest_route=\/wp\/v2\/users\/1"}],"replies":[{"embeddable":true,"href":"https:\/\/noticiasregionais.com.br\/index.php?rest_route=%2Fwp%2Fv2%2Fcomments&post=3810"}],"version-history":[{"count":1,"href":"https:\/\/noticiasregionais.com.br\/index.php?rest_route=\/wp\/v2\/posts\/3810\/revisions"}],"predecessor-version":[{"id":3812,"href":"https:\/\/noticiasregionais.com.br\/index.php?rest_route=\/wp\/v2\/posts\/3810\/revisions\/3812"}],"wp:featuredmedia":[{"embeddable":true,"href":"https:\/\/noticiasregionais.com.br\/index.php?rest_route=\/wp\/v2\/media\/3811"}],"wp:attachment":[{"href":"https:\/\/noticiasregionais.com.br\/index.php?rest_route=%2Fwp%2Fv2%2Fmedia&parent=3810"}],"wp:term":[{"taxonomy":"category","embeddable":true,"href":"https:\/\/noticiasregionais.com.br\/index.php?rest_route=%2Fwp%2Fv2%2Fcategories&post=3810"},{"taxonomy":"post_tag","embeddable":true,"href":"https:\/\/noticiasregionais.com.br\/index.php?rest_route=%2Fwp%2Fv2%2Ftags&post=3810"}],"curies":[{"name":"wp","href":"https:\/\/api.w.org\/{rel}","templated":true}]}}