{"id":3813,"date":"2024-11-05T10:49:02","date_gmt":"2024-11-05T13:49:02","guid":{"rendered":"https:\/\/noticiasregionais.com.br\/?p=3813"},"modified":"2024-11-05T10:49:13","modified_gmt":"2024-11-05T13:49:13","slug":"rombo-nas-contas-publicas-e-desafio-para-prefeitos-que-assumem-em-2025","status":"publish","type":"post","link":"https:\/\/noticiasregionais.com.br\/?p=3813","title":{"rendered":"Rombo nas contas p\u00fablicas \u00e9 desafio para prefeitos que assumem em 2025"},"content":{"rendered":"\n<h4 class=\"wp-block-heading has-text-align-center\">S\u00f3 em rela\u00e7\u00e3o aos governos regionais, o rombo chega a R$ 435 milh\u00f5es, em agosto de 2024<\/h4>\n\n\n\n<p>O setor p\u00fablico consolidado, que \u00e9 composto por Uni\u00e3o, estados, munic\u00edpios e estatais \u2013 registrou um d\u00e9ficit de R$ 21,4 bilh\u00f5es em agosto. Os <a href=\"https:\/\/www.bcb.gov.br\/estatisticas\/estatisticasfiscais\" target=\"_blank\" rel=\"noreferrer noopener\">dados<\/a> constam no \u00faltimo relat\u00f3rio de estat\u00edsticas fiscais divulgado pelo Banco Central. S\u00f3 em rela\u00e7\u00e3o aos governos regionais, o rombo chega a R$ 435 milh\u00f5es.&nbsp;<\/p>\n\n\n\n<p>Em meio a esse cen\u00e1rio e com novos prefeitos assumindo a partir de janeiro de 2025, \u00e9 lan\u00e7ado um desafio para os gestores locais, segundo o especialista em or\u00e7amento p\u00fablico, Cesar Lima. Para ele, enxugar a m\u00e1quina p\u00fablica \u00e9 uma das medidas que precisam ser tomadas.&nbsp;<\/p>\n\n\n\n<p>\u201cO d\u00e9ficit&nbsp;geralmente se apresenta na forma de um crescimento de despesas obrigat\u00f3rias, principalmente em anos eleitorais, com as despesas de pessoal. Claro que h\u00e1 limita\u00e7\u00f5es para isso, segundo a lei, mas muito provavelmente o que acontece \u00e9 uma infla\u00e7\u00e3o da m\u00e1quina p\u00fablica a fim de conseguir cabos eleitorais para os prefeitos que est\u00e3o tentando se reeleger. Quem entrar, ou mesmo aqueles que se reelegeram, a primeira coisa que v\u00e3o fazer vai ser enxugar a m\u00e1quina p\u00fablica a fim de ter de volta sua capacidade de investimento\u201d, considera.&nbsp;<\/p>\n\n\n\n<p><a href=\"https:\/\/brasil61.com\/n\/god-bless-bitcoin-novo-documentario-explica-o-possivel-impacto-da-criptomoeda-no-sistema-financeiro-global-bras2412926\" target=\"_blank\" rel=\"noreferrer noopener\">God Bless Bitcoin: novo document\u00e1rio explica o poss\u00edvel impacto da criptomoeda no sistema financeiro global<\/a><\/p>\n\n\n\n<p><a href=\"https:\/\/brasil61.com\/n\/reforma-tributaria-prefeitos-eleitos-comecam-2025-com-os-desafios-da-transicao-bras2412938\" target=\"_blank\" rel=\"noreferrer noopener\">Reforma Tribut\u00e1ria: prefeitos eleitos come\u00e7am 2025 com os desafios da transi\u00e7\u00e3o<\/a><\/p>\n\n\n\n<p>Na avalia\u00e7\u00e3o do professor de Ci\u00eancias Econ\u00f4micas da Universidade Presbiteriana Mackenzie, Vladimir Maciel, normalmente, o primeiro ano de mandato dos gestores eleitos costuma ser desafiador.&nbsp;<\/p>\n\n\n\n<p>&#8220;Os prefeitos v\u00e3o ter pouca margem de manobra para cumprir promessas de campanha. Os primeiros dois anos de mandato v\u00e3o ser de ajuste fiscal, caso eles queiram entregar alguma obra mais no fim do mandato, alguma coisa de maior monta, porque nos dois primeiros anos n\u00e3o vai ter de onde tirar&#8221;, destaca.&nbsp;<\/p>\n\n\n\n<h2 class=\"wp-block-heading\">Situa\u00e7\u00e3o cr\u00edtica em 2023<\/h2>\n\n\n\n<p>Em 2023, os munic\u00edpios brasileiros tamb\u00e9m se encontravam em situa\u00e7\u00e3o delicada em rela\u00e7\u00e3o ao cen\u00e1rio fiscal. De acordo com a Confedera\u00e7\u00e3o Nacional dos Munic\u00edpios (CNM), 51% das cidades estavam com o caixa no vermelho ao fim do primeiro semestre do ano passado. &nbsp;<\/p>\n\n\n\n<p>\u00c0 \u00e9poca, o cen\u00e1rio era pior nos munic\u00edpios de pequeno porte, dos quais 53% registravam d\u00e9ficit prim\u00e1rio, isto \u00e9, despesas maiores do que as receitas. Nos de m\u00e9dio e grande porte, esse percentual era de 38%. &nbsp;<br>&nbsp;<\/p>\n\n\n\n<p>Fonte: <a href=\"https:\/\/brasil61.com\/n\/rombo-nas-contas-publicas-e-desafio-para-prefeitos-que-assumem-em-2025-bras2412949\" target=\"_blank\" rel=\"noreferrer noopener\">Brasil 61<\/a><\/p>\n<input type=\"hidden\" id=\"baseurl\" value=\"https:\/\/noticiasregionais.com.br\"><input type=\"hidden\" id=\"audio_nonce\" value=\"5c13e0637f\">","protected":false},"excerpt":{"rendered":"<p>S\u00f3 em rela\u00e7\u00e3o aos governos regionais, o rombo chega a R$ 435 milh\u00f5es, em agosto de 2024 O setor p\u00fablico&hellip;<\/p>\n","protected":false},"author":1,"featured_media":3814,"comment_status":"closed","ping_status":"open","sticky":false,"template":"","format":"standard","meta":{"sfsi_plus_gutenberg_text_before_share":"","sfsi_plus_gutenberg_show_text_before_share":"","sfsi_plus_gutenberg_icon_type":"","sfsi_plus_gutenberg_icon_alignemt":"","sfsi_plus_gutenburg_max_per_row":"","footnotes":""},"categories":[8,10,1],"tags":[],"class_list":["post-3813","post","type-post","status-publish","format-standard","has-post-thumbnail","hentry","category-brasil","category-destaques","category-noticias"],"_links":{"self":[{"href":"https:\/\/noticiasregionais.com.br\/index.php?rest_route=\/wp\/v2\/posts\/3813","targetHints":{"allow":["GET"]}}],"collection":[{"href":"https:\/\/noticiasregionais.com.br\/index.php?rest_route=\/wp\/v2\/posts"}],"about":[{"href":"https:\/\/noticiasregionais.com.br\/index.php?rest_route=\/wp\/v2\/types\/post"}],"author":[{"embeddable":true,"href":"https:\/\/noticiasregionais.com.br\/index.php?rest_route=\/wp\/v2\/users\/1"}],"replies":[{"embeddable":true,"href":"https:\/\/noticiasregionais.com.br\/index.php?rest_route=%2Fwp%2Fv2%2Fcomments&post=3813"}],"version-history":[{"count":1,"href":"https:\/\/noticiasregionais.com.br\/index.php?rest_route=\/wp\/v2\/posts\/3813\/revisions"}],"predecessor-version":[{"id":3815,"href":"https:\/\/noticiasregionais.com.br\/index.php?rest_route=\/wp\/v2\/posts\/3813\/revisions\/3815"}],"wp:featuredmedia":[{"embeddable":true,"href":"https:\/\/noticiasregionais.com.br\/index.php?rest_route=\/wp\/v2\/media\/3814"}],"wp:attachment":[{"href":"https:\/\/noticiasregionais.com.br\/index.php?rest_route=%2Fwp%2Fv2%2Fmedia&parent=3813"}],"wp:term":[{"taxonomy":"category","embeddable":true,"href":"https:\/\/noticiasregionais.com.br\/index.php?rest_route=%2Fwp%2Fv2%2Fcategories&post=3813"},{"taxonomy":"post_tag","embeddable":true,"href":"https:\/\/noticiasregionais.com.br\/index.php?rest_route=%2Fwp%2Fv2%2Ftags&post=3813"}],"curies":[{"name":"wp","href":"https:\/\/api.w.org\/{rel}","templated":true}]}}