{"id":3816,"date":"2024-11-06T15:39:09","date_gmt":"2024-11-06T18:39:09","guid":{"rendered":"https:\/\/noticiasregionais.com.br\/?p=3816"},"modified":"2024-11-06T15:39:52","modified_gmt":"2024-11-06T18:39:52","slug":"falta-de-agua-em-ourinhos-nova-gestao-de-saneamento-enfrenta-dificuldades","status":"publish","type":"post","link":"https:\/\/noticiasregionais.com.br\/?p=3816","title":{"rendered":"Falta de \u00c1gua em Ourinhos: Nova gest\u00e3o de saneamento enfrenta dificuldades"},"content":{"rendered":"\n<p>A recente transi\u00e7\u00e3o da opera\u00e7\u00e3o dos servi\u00e7os de saneamento em Ourinhos, do comando da Superintend\u00eancia de \u00c1guas e Esgotos (SAE) para a concession\u00e1ria GS-Inima Tra\u00e7ado, exp\u00f4s desafios cr\u00edticos, evidenciados pela crise de abastecimento de \u00e1gua que atinge o munic\u00edpio nas \u00faltimas horas. Em 1\u00ba de novembro, a GS-Inima assumiu a gest\u00e3o do abastecimento e j\u00e1 nos primeiros dias Ourinhos enfrentou uma grave problema, com muitos bairros ainda enfrentando falta d&#8217;\u00e1gua por mais de 24 horas, afetando a rotina de milhares de moradores.<\/p>\n\n\n\n<p><strong>Interrup\u00e7\u00e3o e Gradual Normaliza\u00e7\u00e3o<\/strong><\/p>\n\n\n\n<p>O sistema de abastecimento foi interrompido temporariamente na madrugada de 5 de novembro devido \u00e0 dificuldade da nova operadora em tratar a \u00e1gua do Rio Pardo, principal fonte de capta\u00e7\u00e3o do munic\u00edpio. As fortes chuvas que atingiram Ourinhos nos dias anteriores, incluindo um volume recorde de 103 mm acumulado em um \u00fanico dia, aumentaram a quantidade de lama e sedimentos no rio, complicando o processo de tratamento.<\/p>\n\n\n\n<p>Diante desse cen\u00e1rio, a Esta\u00e7\u00e3o de Tratamento de \u00c1gua (ETA) foi paralisada temporariamente para evitar o fornecimento de \u00e1gua com baixa qualidade. Ap\u00f3s interven\u00e7\u00f5es e ajustes no sistema, a \u00e1gua come\u00e7ou a voltar aos bairros afetados, que segundo a concession\u00e1ria eram apenas Parque Minas Gerais, Anchieta, Barra Funda e Jardim Matilde, porem nas redes sociais, centenas de pessoas de todos os bairros da cidade registraram falta de \u00e1gua em suas resid\u00eancias. Com a volta da opera\u00e7\u00e3o da ETA, a expectativa \u00e9 que os reservat\u00f3rios se restabele\u00e7am ao longo do dia 06, permitindo que o abastecimento seja normalizado.<\/p>\n\n\n\n<p><strong>Ex-Funcion\u00e1rios da SAE Apontam Falta de Experi\u00eancia<\/strong><\/p>\n\n\n\n<p>Para ex-funcion\u00e1rios da antiga operadora SAE, a situa\u00e7\u00e3o, embora dif\u00edcil, n\u00e3o \u00e9 incomum. Em per\u00edodos de chuvas intensas, a colora\u00e7\u00e3o e turbidez da \u00e1gua do Rio Pardo se elevam, dificultando o tratamento. Segundo ex-funcion\u00e1rios entrevistados, a alta colora\u00e7\u00e3o n\u00e3o \u00e9 novidade, e em situa\u00e7\u00f5es assim era comum utilizar t\u00e9cnicas avan\u00e7adas de dilui\u00e7\u00e3o e aumento de aditivos qu\u00edmicos, como o pol\u00edmero, para ajustar o tratamento.<\/p>\n\n\n\n<p>&#8220;A \u00e1gua do Pardo n\u00e3o \u00e9 f\u00e1cil de tratar durante as chuvas&#8230; A colora\u00e7\u00e3o deve ter passado de 2.000 unidades, o que j\u00e1 demanda aten\u00e7\u00e3o. Sem experi\u00eancia, fica dif\u00edcil gerenciar isso da melhor forma\u201d, comentou um ex-funcion\u00e1rio, sugerindo que a GS-Inima possa estar enfrentando dificuldades justamente por falta de familiaridade com o comportamento sazonal do Rio Pardo.<\/p>\n\n\n\n<p><strong>Posicionamento da Concession\u00e1ria e Atendimento ao P\u00fablico<\/strong><\/p>\n\n\n\n<p>A concession\u00e1ria Ourinhos Saneamento, respons\u00e1vel pela opera\u00e7\u00e3o da ETA, informou que suas equipes est\u00e3o monitorando a qualidade da \u00e1gua e realizando manobras no sistema para garantir que o abastecimento retorne com seguran\u00e7a e efici\u00eancia. A empresa orienta os moradores a buscarem informa\u00e7\u00f5es no novo ponto de atendimento ao p\u00fablico, na Avenida Altino Arantes, n\u00ba 890, e oferece suporte por telefone e WhatsApp para atender as demandas da popula\u00e7\u00e3o.<\/p>\n\n\n\n<p>A experi\u00eancia inicial da GS-Inima em Ourinhos revelou um cen\u00e1rio complexo de saneamento, especialmente devido \u00e0s caracter\u00edsticas do Rio Pardo e \u00e0 necessidade de ajustes t\u00e9cnicos imediatos para responder \u00e0s varia\u00e7\u00f5es causadas pelas chuvas. A situa\u00e7\u00e3o est\u00e1 se estabilizando, mas demonstra os desafios e as expectativas elevadas sobre a nova concession\u00e1ria.<\/p>\n\n\n\n<p>imagem: reprodu\u00e7\u00e3o G1 Bauru e Marilia<\/p>\n<input type=\"hidden\" id=\"baseurl\" value=\"https:\/\/noticiasregionais.com.br\"><input type=\"hidden\" id=\"audio_nonce\" value=\"533fbb67b1\">","protected":false},"excerpt":{"rendered":"<p>A recente transi\u00e7\u00e3o da opera\u00e7\u00e3o dos servi\u00e7os de saneamento em Ourinhos, do comando da Superintend\u00eancia de \u00c1guas e Esgotos (SAE)&hellip;<\/p>\n","protected":false},"author":1,"featured_media":3817,"comment_status":"closed","ping_status":"open","sticky":false,"template":"","format":"standard","meta":{"sfsi_plus_gutenberg_text_before_share":"","sfsi_plus_gutenberg_show_text_before_share":"","sfsi_plus_gutenberg_icon_type":"","sfsi_plus_gutenberg_icon_alignemt":"","sfsi_plus_gutenburg_max_per_row":"","footnotes":""},"categories":[5,12,1],"tags":[],"class_list":["post-3816","post","type-post","status-publish","format-standard","has-post-thumbnail","hentry","category-ourinhos","category-capa","category-noticias"],"_links":{"self":[{"href":"https:\/\/noticiasregionais.com.br\/index.php?rest_route=\/wp\/v2\/posts\/3816","targetHints":{"allow":["GET"]}}],"collection":[{"href":"https:\/\/noticiasregionais.com.br\/index.php?rest_route=\/wp\/v2\/posts"}],"about":[{"href":"https:\/\/noticiasregionais.com.br\/index.php?rest_route=\/wp\/v2\/types\/post"}],"author":[{"embeddable":true,"href":"https:\/\/noticiasregionais.com.br\/index.php?rest_route=\/wp\/v2\/users\/1"}],"replies":[{"embeddable":true,"href":"https:\/\/noticiasregionais.com.br\/index.php?rest_route=%2Fwp%2Fv2%2Fcomments&post=3816"}],"version-history":[{"count":1,"href":"https:\/\/noticiasregionais.com.br\/index.php?rest_route=\/wp\/v2\/posts\/3816\/revisions"}],"predecessor-version":[{"id":3818,"href":"https:\/\/noticiasregionais.com.br\/index.php?rest_route=\/wp\/v2\/posts\/3816\/revisions\/3818"}],"wp:featuredmedia":[{"embeddable":true,"href":"https:\/\/noticiasregionais.com.br\/index.php?rest_route=\/wp\/v2\/media\/3817"}],"wp:attachment":[{"href":"https:\/\/noticiasregionais.com.br\/index.php?rest_route=%2Fwp%2Fv2%2Fmedia&parent=3816"}],"wp:term":[{"taxonomy":"category","embeddable":true,"href":"https:\/\/noticiasregionais.com.br\/index.php?rest_route=%2Fwp%2Fv2%2Fcategories&post=3816"},{"taxonomy":"post_tag","embeddable":true,"href":"https:\/\/noticiasregionais.com.br\/index.php?rest_route=%2Fwp%2Fv2%2Ftags&post=3816"}],"curies":[{"name":"wp","href":"https:\/\/api.w.org\/{rel}","templated":true}]}}