{"id":3819,"date":"2024-11-07T20:56:04","date_gmt":"2024-11-07T23:56:04","guid":{"rendered":"https:\/\/noticiasregionais.com.br\/?p=3819"},"modified":"2024-11-07T20:56:16","modified_gmt":"2024-11-07T23:56:16","slug":"descaminhador-e-preso-com-celulares-sem-nota-fiscal-em-rodovia-de-ourinhos","status":"publish","type":"post","link":"https:\/\/noticiasregionais.com.br\/?p=3819","title":{"rendered":"Descaminhador \u00e9 preso com celulares sem nota fiscal em rodovia de Ourinhos"},"content":{"rendered":"\n<h4 class=\"wp-block-heading has-text-align-center\"><em>Pol\u00edcia Rodovi\u00e1ria Estadual apreende iPhones sem nota fiscal durante opera\u00e7\u00e3o na divisa de S\u00e3o Paulo<\/em><\/h4>\n\n\n\n<p>Na tarde desta quarta-feira (6), uma opera\u00e7\u00e3o da Pol\u00edcia Militar Rodovi\u00e1ria apreendeu um lote de celulares sem documenta\u00e7\u00e3o fiscal durante uma fiscaliza\u00e7\u00e3o na rodovia Orlando Quagliato, em Ourinhos, na altura do km 28,4. A a\u00e7\u00e3o, parte da Opera\u00e7\u00e3o Impacto\/Divisa, resultou na deten\u00e7\u00e3o tempor\u00e1ria de um motorista em posse de diversos aparelhos eletr\u00f4nicos, suspeito de descaminho.<\/p>\n\n\n\n<p>Durante a abordagem, os policiais verificaram um ve\u00edculo Fiat Freemont com dois ocupantes: o condutor e uma passageira. No interior do carro, foram encontrados um iPhone 12, seis iPhones 14 e quatro iPhones 16 Pro Max, todos sem nota fiscal.<\/p>\n\n\n\n<p>O motorista j\u00e1 possui um hist\u00f3rico de 60 dias de pris\u00e3o civil, enquanto a passageira, segundo a pol\u00edcia, n\u00e3o tem antecedentes criminais. No local, a Receita Federal enviou um auditor para elaborar o Termo de Reten\u00e7\u00e3o dos aparelhos, que ser\u00e3o levados \u00e0 sede da Receita Federal para a elabora\u00e7\u00e3o de um Auto de Exibi\u00e7\u00e3o e Apreens\u00e3o.<\/p>\n\n\n\n<p>Ap\u00f3s o registro da ocorr\u00eancia, tanto o condutor quanto a passageira foram liberados, assim como o ve\u00edculo, que p\u00f4de seguir viagem. A Opera\u00e7\u00e3o Impacto\/Divisa visa intensificar o controle sobre a circula\u00e7\u00e3o de mercadorias sem nota fiscal na divisa de S\u00e3o Paulo, garantindo mais seguran\u00e7a e reduzindo crimes de descaminho.<\/p>\n<input type=\"hidden\" id=\"baseurl\" value=\"https:\/\/noticiasregionais.com.br\"><input type=\"hidden\" id=\"audio_nonce\" value=\"533fbb67b1\">","protected":false},"excerpt":{"rendered":"<p>Pol\u00edcia Rodovi\u00e1ria Estadual apreende iPhones sem nota fiscal durante opera\u00e7\u00e3o na divisa de S\u00e3o Paulo Na tarde desta quarta-feira (6),&hellip;<\/p>\n","protected":false},"author":1,"featured_media":3820,"comment_status":"closed","ping_status":"open","sticky":false,"template":"","format":"standard","meta":{"sfsi_plus_gutenberg_text_before_share":"","sfsi_plus_gutenberg_show_text_before_share":"","sfsi_plus_gutenberg_icon_type":"","sfsi_plus_gutenberg_icon_alignemt":"","sfsi_plus_gutenburg_max_per_row":"","footnotes":""},"categories":[5,10,1],"tags":[],"class_list":["post-3819","post","type-post","status-publish","format-standard","has-post-thumbnail","hentry","category-ourinhos","category-destaques","category-noticias"],"_links":{"self":[{"href":"https:\/\/noticiasregionais.com.br\/index.php?rest_route=\/wp\/v2\/posts\/3819","targetHints":{"allow":["GET"]}}],"collection":[{"href":"https:\/\/noticiasregionais.com.br\/index.php?rest_route=\/wp\/v2\/posts"}],"about":[{"href":"https:\/\/noticiasregionais.com.br\/index.php?rest_route=\/wp\/v2\/types\/post"}],"author":[{"embeddable":true,"href":"https:\/\/noticiasregionais.com.br\/index.php?rest_route=\/wp\/v2\/users\/1"}],"replies":[{"embeddable":true,"href":"https:\/\/noticiasregionais.com.br\/index.php?rest_route=%2Fwp%2Fv2%2Fcomments&post=3819"}],"version-history":[{"count":1,"href":"https:\/\/noticiasregionais.com.br\/index.php?rest_route=\/wp\/v2\/posts\/3819\/revisions"}],"predecessor-version":[{"id":3821,"href":"https:\/\/noticiasregionais.com.br\/index.php?rest_route=\/wp\/v2\/posts\/3819\/revisions\/3821"}],"wp:featuredmedia":[{"embeddable":true,"href":"https:\/\/noticiasregionais.com.br\/index.php?rest_route=\/wp\/v2\/media\/3820"}],"wp:attachment":[{"href":"https:\/\/noticiasregionais.com.br\/index.php?rest_route=%2Fwp%2Fv2%2Fmedia&parent=3819"}],"wp:term":[{"taxonomy":"category","embeddable":true,"href":"https:\/\/noticiasregionais.com.br\/index.php?rest_route=%2Fwp%2Fv2%2Fcategories&post=3819"},{"taxonomy":"post_tag","embeddable":true,"href":"https:\/\/noticiasregionais.com.br\/index.php?rest_route=%2Fwp%2Fv2%2Ftags&post=3819"}],"curies":[{"name":"wp","href":"https:\/\/api.w.org\/{rel}","templated":true}]}}