{"id":3825,"date":"2024-11-07T21:05:57","date_gmt":"2024-11-08T00:05:57","guid":{"rendered":"https:\/\/noticiasregionais.com.br\/?p=3825"},"modified":"2024-11-07T21:06:00","modified_gmt":"2024-11-08T00:06:00","slug":"policia-militar-prende-suspeita-em-flagrante-e-recupera-produtos-furtados-em-farmacia-de-ourinhos","status":"publish","type":"post","link":"https:\/\/noticiasregionais.com.br\/?p=3825","title":{"rendered":"Pol\u00edcia Militar prende suspeita em flagrante e recupera produtos furtados em farm\u00e1cia de Ourinhos"},"content":{"rendered":"\n<p>Na tarde desta quarta-feira (6), uma mulher foi presa em Ourinhos ap\u00f3s cometer um furto em uma farm\u00e1cia local. A Pol\u00edcia Militar, atrav\u00e9s do 31\u00ba BPM\/I, foi acionada pelo Centro de Opera\u00e7\u00f5es da Pol\u00edcia Militar (COPOM) logo ap\u00f3s o incidente. Com a ajuda das c\u00e2meras de seguran\u00e7a, os agentes conseguiram identificar a autora do crime, que havia fugido da farm\u00e1cia em um moto-t\u00e1xi, levando diversos produtos.<\/p>\n\n\n\n<p>Gra\u00e7as \u00e0 r\u00e1pida resposta dos policiais, todos os itens furtados foram recuperados e devolvidos \u00e0 farm\u00e1cia. A mulher foi levada \u00e0 Central de Pol\u00edcia Judici\u00e1ria de Ourinhos, onde a ocorr\u00eancia foi registrada, e permanecer\u00e1 presa \u00e0 disposi\u00e7\u00e3o da Justi\u00e7a.<\/p>\n<input type=\"hidden\" id=\"baseurl\" value=\"https:\/\/noticiasregionais.com.br\"><input type=\"hidden\" id=\"audio_nonce\" value=\"533fbb67b1\">","protected":false},"excerpt":{"rendered":"<p>Na tarde desta quarta-feira (6), uma mulher foi presa em Ourinhos ap\u00f3s cometer um furto em uma farm\u00e1cia local. A&hellip;<\/p>\n","protected":false},"author":1,"featured_media":3826,"comment_status":"closed","ping_status":"open","sticky":false,"template":"","format":"standard","meta":{"sfsi_plus_gutenberg_text_before_share":"","sfsi_plus_gutenberg_show_text_before_share":"","sfsi_plus_gutenberg_icon_type":"","sfsi_plus_gutenberg_icon_alignemt":"","sfsi_plus_gutenburg_max_per_row":"","footnotes":""},"categories":[5,10,1],"tags":[],"class_list":["post-3825","post","type-post","status-publish","format-standard","has-post-thumbnail","hentry","category-ourinhos","category-destaques","category-noticias"],"_links":{"self":[{"href":"https:\/\/noticiasregionais.com.br\/index.php?rest_route=\/wp\/v2\/posts\/3825","targetHints":{"allow":["GET"]}}],"collection":[{"href":"https:\/\/noticiasregionais.com.br\/index.php?rest_route=\/wp\/v2\/posts"}],"about":[{"href":"https:\/\/noticiasregionais.com.br\/index.php?rest_route=\/wp\/v2\/types\/post"}],"author":[{"embeddable":true,"href":"https:\/\/noticiasregionais.com.br\/index.php?rest_route=\/wp\/v2\/users\/1"}],"replies":[{"embeddable":true,"href":"https:\/\/noticiasregionais.com.br\/index.php?rest_route=%2Fwp%2Fv2%2Fcomments&post=3825"}],"version-history":[{"count":1,"href":"https:\/\/noticiasregionais.com.br\/index.php?rest_route=\/wp\/v2\/posts\/3825\/revisions"}],"predecessor-version":[{"id":3827,"href":"https:\/\/noticiasregionais.com.br\/index.php?rest_route=\/wp\/v2\/posts\/3825\/revisions\/3827"}],"wp:featuredmedia":[{"embeddable":true,"href":"https:\/\/noticiasregionais.com.br\/index.php?rest_route=\/wp\/v2\/media\/3826"}],"wp:attachment":[{"href":"https:\/\/noticiasregionais.com.br\/index.php?rest_route=%2Fwp%2Fv2%2Fmedia&parent=3825"}],"wp:term":[{"taxonomy":"category","embeddable":true,"href":"https:\/\/noticiasregionais.com.br\/index.php?rest_route=%2Fwp%2Fv2%2Fcategories&post=3825"},{"taxonomy":"post_tag","embeddable":true,"href":"https:\/\/noticiasregionais.com.br\/index.php?rest_route=%2Fwp%2Fv2%2Ftags&post=3825"}],"curies":[{"name":"wp","href":"https:\/\/api.w.org\/{rel}","templated":true}]}}