{"id":3828,"date":"2024-11-07T21:41:37","date_gmt":"2024-11-08T00:41:37","guid":{"rendered":"https:\/\/noticiasregionais.com.br\/?p=3828"},"modified":"2024-11-07T21:41:40","modified_gmt":"2024-11-08T00:41:40","slug":"baep-realiza-uma-grande-acao-de-combate-ao-trafico-de-drogas-no-interior-do-estado-de-sp","status":"publish","type":"post","link":"https:\/\/noticiasregionais.com.br\/?p=3828","title":{"rendered":"BAEP realiza uma grande a\u00e7\u00e3o de combate ao tr\u00e1fico de drogas no interior do Estado de SP"},"content":{"rendered":"\n<p>Na data de ontem (06), durante patrulhamento na Avenida das Bandeiras, em Bauru, uma equipe do 13\u00b0 BAEP visualizou um ve\u00edculo Onix preto que, ao notar a viatura, realizou uma manobra brusca de frenagem. A equipe abordou o ve\u00edculo e constatou que o casal que estava no carro transportava uma sacola contendo fra\u00e7\u00f5es de maconha. Questionados sobre a proced\u00eancia da droga, os suspeitos informaram que em sua resid\u00eancia havia mais entorpecentes e indicaram ainda um segundo local de origem das subst\u00e2ncias il\u00edcitas.<\/p>\n\n\n\n<p>Com autoriza\u00e7\u00e3o dos envolvidos, a equipe policial se dirigiu ao endere\u00e7o dos abordados e, em vistoria no local, apreendeu 15 tabletes de maconha, 22 inv\u00f3lucros de coca\u00edna, 32 sacos pl\u00e1sticos contendo maconha, 5 por\u00e7\u00f5es de haxixe, 35 comprimidos de \u00eaxtase, al\u00e9m de facas, balan\u00e7as, sementes e outros apetrechos utilizados para preparo, cultivo e armazenamento da droga. Diante dos fatos, o casal foi conduzido ao Plant\u00e3o Policial, onde permaneceu \u00e0 disposi\u00e7\u00e3o da justi\u00e7a.<\/p>\n\n\n\n<p>Paralelamente, com base nas informa\u00e7\u00f5es obtidas na ocorr\u00eancia acima destacada, uma segunda equipe foi ao local apontado pelos indiv\u00edduos abordados como sendo o local onde obtinham droga para venda, e encontrou um homem na \u00e1rea externa, o qual, durante abordagem policial, informou que havia droga dentro da resid\u00eancia e autorizou a entrada dos policiais. Foram encontradas por\u00e7\u00f5es de maconha, coca\u00edna, crack, al\u00e9m de dinheiro, balan\u00e7a de precis\u00e3o, facas e materiais para embalagem. O homem confessou estar envolvido com uma fac\u00e7\u00e3o criminosa, sendo respons\u00e1vel pela distribui\u00e7\u00e3o de drogas na cidade. Ele foi ent\u00e3o encaminhado ao Plant\u00e3o Policial, onde tamb\u00e9m permanece \u00e0 disposi\u00e7\u00e3o da justi\u00e7a.<\/p>\n\n\n\n<p>A opera\u00e7\u00e3o resultou na apreens\u00e3o de:<\/p>\n\n\n\n<p>R$ 7.815,00 em esp\u00e9cie<\/p>\n\n\n\n<p>62,48 kg de maconha<\/p>\n\n\n\n<p>92 g de crack<\/p>\n\n\n\n<p>884 g de coca\u00edna<\/p>\n\n\n\n<p>0,01626 kg de comprimidos de \u00eaxtase<\/p>\n\n\n\n<p>4 aparelhos celulares<\/p>\n\n\n\n<p>As a\u00e7\u00f5es reafirmam o compromisso do 13\u00ba BAEP com a seguran\u00e7a da popula\u00e7\u00e3o de Bauru, combatendo o tr\u00e1fico de drogas e o crime organizado, e contribuindo para a prote\u00e7\u00e3o dos cidad\u00e3os de bem.<\/p>\n<input type=\"hidden\" id=\"baseurl\" value=\"https:\/\/noticiasregionais.com.br\"><input type=\"hidden\" id=\"audio_nonce\" value=\"533fbb67b1\">","protected":false},"excerpt":{"rendered":"<p>Na data de ontem (06), durante patrulhamento na Avenida das Bandeiras, em Bauru, uma equipe do 13\u00b0 BAEP visualizou um&hellip;<\/p>\n","protected":false},"author":1,"featured_media":3829,"comment_status":"closed","ping_status":"open","sticky":false,"template":"","format":"standard","meta":{"sfsi_plus_gutenberg_text_before_share":"","sfsi_plus_gutenberg_show_text_before_share":"","sfsi_plus_gutenberg_icon_type":"","sfsi_plus_gutenberg_icon_alignemt":"","sfsi_plus_gutenburg_max_per_row":"","footnotes":""},"categories":[6,12,1],"tags":[],"class_list":["post-3828","post","type-post","status-publish","format-standard","has-post-thumbnail","hentry","category-sao_paulo","category-capa","category-noticias"],"_links":{"self":[{"href":"https:\/\/noticiasregionais.com.br\/index.php?rest_route=\/wp\/v2\/posts\/3828","targetHints":{"allow":["GET"]}}],"collection":[{"href":"https:\/\/noticiasregionais.com.br\/index.php?rest_route=\/wp\/v2\/posts"}],"about":[{"href":"https:\/\/noticiasregionais.com.br\/index.php?rest_route=\/wp\/v2\/types\/post"}],"author":[{"embeddable":true,"href":"https:\/\/noticiasregionais.com.br\/index.php?rest_route=\/wp\/v2\/users\/1"}],"replies":[{"embeddable":true,"href":"https:\/\/noticiasregionais.com.br\/index.php?rest_route=%2Fwp%2Fv2%2Fcomments&post=3828"}],"version-history":[{"count":1,"href":"https:\/\/noticiasregionais.com.br\/index.php?rest_route=\/wp\/v2\/posts\/3828\/revisions"}],"predecessor-version":[{"id":3830,"href":"https:\/\/noticiasregionais.com.br\/index.php?rest_route=\/wp\/v2\/posts\/3828\/revisions\/3830"}],"wp:featuredmedia":[{"embeddable":true,"href":"https:\/\/noticiasregionais.com.br\/index.php?rest_route=\/wp\/v2\/media\/3829"}],"wp:attachment":[{"href":"https:\/\/noticiasregionais.com.br\/index.php?rest_route=%2Fwp%2Fv2%2Fmedia&parent=3828"}],"wp:term":[{"taxonomy":"category","embeddable":true,"href":"https:\/\/noticiasregionais.com.br\/index.php?rest_route=%2Fwp%2Fv2%2Fcategories&post=3828"},{"taxonomy":"post_tag","embeddable":true,"href":"https:\/\/noticiasregionais.com.br\/index.php?rest_route=%2Fwp%2Fv2%2Ftags&post=3828"}],"curies":[{"name":"wp","href":"https:\/\/api.w.org\/{rel}","templated":true}]}}