{"id":383,"date":"2023-09-15T09:02:40","date_gmt":"2023-09-15T12:02:40","guid":{"rendered":"https:\/\/noticiasregionais.com.br\/?p=383"},"modified":"2023-09-15T09:02:40","modified_gmt":"2023-09-15T12:02:40","slug":"policia-rodoviaria-prende-dois-por-trafico-de-drogas-em-assis","status":"publish","type":"post","link":"https:\/\/noticiasregionais.com.br\/?p=383","title":{"rendered":"Pol\u00edcia Rodovi\u00e1ria prende dois por tr\u00e1fico de drogas em Assis"},"content":{"rendered":"\n<p><strong>Assis, SP<\/strong> &#8211; Dois indiv\u00edduos foram presos em flagrante por tr\u00e1fico de drogas na manh\u00e3 desta quarta-feira (14), na Rodovia Raposo Tavares (SP-270), em Assis.<\/p>\n\n\n\n<p>De acordo com a Pol\u00edcia Militar Rodovi\u00e1ria, os policiais realizavam Opera\u00e7\u00e3o Impacto quando suspeitaram do condutor e passageira de um Toyota\/Hilux e os abordaram. Durante a vistoria, localizaram cerca de 220 tabletes de maconha no interior do porta-malas.<\/p>\n\n\n\n<p>A droga totalizou 215,070 kg.<\/p>\n\n\n\n<p>O condutor e a passageira, ambos de 25 anos, foram presos e apresentados na Central de Pol\u00edcia Judici\u00e1ria de Assis.<\/p>\n\n\n\n<p>A ocorr\u00eancia foi registrada como tr\u00e1fico de drogas.<\/p>\n\n\n\n<p><strong>Pol\u00edcia Militar refor\u00e7a combate ao tr\u00e1fico de drogas<\/strong><\/p>\n\n\n\n<p>A Pol\u00edcia Militar de S\u00e3o Paulo tem intensificado as a\u00e7\u00f5es de combate ao tr\u00e1fico de drogas em todo o estado. Em Assis, as opera\u00e7\u00f5es Impacto e Rodovida t\u00eam sido realizadas com frequ\u00eancia para coibir o crime.<\/p>\n\n\n\n<p>Com o objetivo de reprimir o tr\u00e1fico de drogas, a Pol\u00edcia Militar utiliza equipamentos e tecnologia de ponta, como drones, c\u00e2meras de monitoramento e intelig\u00eancia policial.<\/p>\n\n\n\n<p>A popula\u00e7\u00e3o pode contribuir com o trabalho da PM denunciando crimes de tr\u00e1fico de drogas pelo telefone 190.<\/p>\n<input type=\"hidden\" id=\"baseurl\" value=\"https:\/\/noticiasregionais.com.br\"><input type=\"hidden\" id=\"audio_nonce\" value=\"533fbb67b1\">","protected":false},"excerpt":{"rendered":"<p>Assis, SP &#8211; Dois indiv\u00edduos foram presos em flagrante por tr\u00e1fico de drogas na manh\u00e3 desta quarta-feira (14), na Rodovia&hellip;<\/p>\n","protected":false},"author":1,"featured_media":384,"comment_status":"closed","ping_status":"open","sticky":false,"template":"","format":"standard","meta":{"sfsi_plus_gutenberg_text_before_share":"","sfsi_plus_gutenberg_show_text_before_share":"","sfsi_plus_gutenberg_icon_type":"","sfsi_plus_gutenberg_icon_alignemt":"","sfsi_plus_gutenburg_max_per_row":"","footnotes":""},"categories":[6,12,1],"tags":[],"class_list":["post-383","post","type-post","status-publish","format-standard","has-post-thumbnail","hentry","category-sao_paulo","category-capa","category-noticias"],"_links":{"self":[{"href":"https:\/\/noticiasregionais.com.br\/index.php?rest_route=\/wp\/v2\/posts\/383","targetHints":{"allow":["GET"]}}],"collection":[{"href":"https:\/\/noticiasregionais.com.br\/index.php?rest_route=\/wp\/v2\/posts"}],"about":[{"href":"https:\/\/noticiasregionais.com.br\/index.php?rest_route=\/wp\/v2\/types\/post"}],"author":[{"embeddable":true,"href":"https:\/\/noticiasregionais.com.br\/index.php?rest_route=\/wp\/v2\/users\/1"}],"replies":[{"embeddable":true,"href":"https:\/\/noticiasregionais.com.br\/index.php?rest_route=%2Fwp%2Fv2%2Fcomments&post=383"}],"version-history":[{"count":1,"href":"https:\/\/noticiasregionais.com.br\/index.php?rest_route=\/wp\/v2\/posts\/383\/revisions"}],"predecessor-version":[{"id":385,"href":"https:\/\/noticiasregionais.com.br\/index.php?rest_route=\/wp\/v2\/posts\/383\/revisions\/385"}],"wp:featuredmedia":[{"embeddable":true,"href":"https:\/\/noticiasregionais.com.br\/index.php?rest_route=\/wp\/v2\/media\/384"}],"wp:attachment":[{"href":"https:\/\/noticiasregionais.com.br\/index.php?rest_route=%2Fwp%2Fv2%2Fmedia&parent=383"}],"wp:term":[{"taxonomy":"category","embeddable":true,"href":"https:\/\/noticiasregionais.com.br\/index.php?rest_route=%2Fwp%2Fv2%2Fcategories&post=383"},{"taxonomy":"post_tag","embeddable":true,"href":"https:\/\/noticiasregionais.com.br\/index.php?rest_route=%2Fwp%2Fv2%2Ftags&post=383"}],"curies":[{"name":"wp","href":"https:\/\/api.w.org\/{rel}","templated":true}]}}