{"id":3831,"date":"2024-11-11T08:17:57","date_gmt":"2024-11-11T11:17:57","guid":{"rendered":"https:\/\/noticiasregionais.com.br\/?p=3831"},"modified":"2024-11-11T08:18:00","modified_gmt":"2024-11-11T11:18:00","slug":"novos-prefeitos-tcu-reforca-medidas-necessarias-na-transicao-de-mandatos","status":"publish","type":"post","link":"https:\/\/noticiasregionais.com.br\/?p=3831","title":{"rendered":"Novos prefeitos: TCU refor\u00e7a medidas necess\u00e1rias na transi\u00e7\u00e3o de mandatos"},"content":{"rendered":"\n<h4 class=\"wp-block-heading has-text-align-center\">De acordo com o TCU, \u00e9 fundamental que os gestores deixem os munic\u00edpios em situa\u00e7\u00e3o de adimpl\u00eancia, considerando que tamb\u00e9m pode haver recondu\u00e7\u00e3o ao cargo<\/h4>\n\n\n\n<p>Com o fim das elei\u00e7\u00f5es 2024, boa parte dos munic\u00edpios do Brasil entram no chamado per\u00edodo de transi\u00e7\u00e3o. Trata-se do intervalo de tempo em que as principais informa\u00e7\u00f5es de gest\u00e3o devem estar alinhadas entre as equipes dos governos que saem e dos que entram. Normalmente, esse repasse de informa\u00e7\u00f5es \u00e9 intensificado entre 31 de dezembro e 1\u00b0 de janeiro.&nbsp;<\/p>\n\n\n\n<p>Diante disso, o <a href=\"https:\/\/portal.tcu.gov.br\/inicio\" target=\"_blank\" rel=\"noopener\">Tribunal de Contas da Uni\u00e3o (TCU) <\/a>contribuiu para a elabora\u00e7\u00e3o de uma s\u00e9rie de orienta\u00e7\u00f5es com medidas que os gestores devem adotar para garantir que a sociedade n\u00e3o seja prejudicada com a descontinuidade de servi\u00e7os e projetos em andamento, essenciais para a popula\u00e7\u00e3o.&nbsp;<\/p>\n\n\n\n<p>Denominado <a href=\"https:\/\/static.poder360.com.br\/2024\/09\/relatorio-estatisticas-fiscais-bc-30set2024.pdf\" target=\"_blank\" rel=\"noreferrer noopener\">\u201cCaderno de Encerramento e Transi\u00e7\u00e3o de Mandatos em Munic\u00edpios Brasileiros\u201d<\/a>&nbsp;o conte\u00fado, que foi organizado pela Associa\u00e7\u00e3o Brasileira de Munic\u00edpios, cont\u00e9m dicas para os gestores conclu\u00edrem uma passagem de cargo segura, com diminui\u00e7\u00e3o de riscos de responsabiliza\u00e7\u00e3o por falta de conhecimento das normas, assim como pela omiss\u00e3o do dever de prestar contas.<\/p>\n\n\n\n<p><a href=\"https:\/\/brasil61.com\/n\/eleicoes-2024-direita-e-centro-dominam-prefeituras-no-brasil-a-partir-de-2025-bras2412906\" target=\"_blank\" rel=\"noreferrer noopener\">Direita e centro dominam prefeituras no Brasil, a partir de 2025<\/a><\/p>\n\n\n\n<p>Nesse sentido, o TCU orienta, por exemplo, uma troca de informa\u00e7\u00f5es sobre o que est\u00e1 acontecendo no munic\u00edpio. Al\u00e9m disso, \u00e9 importante atuar sobre a estrutura administrativa, fazendo com que a nova gest\u00e3o entenda como funciona a situa\u00e7\u00e3o or\u00e7ament\u00e1ria, financeira e patrimonial.&nbsp;<\/p>\n\n\n\n<p>Segundo o especialista em or\u00e7amento p\u00fablico, Cesar Lima, os gestores que assumir\u00e3o agora precisam ver, inclusive, se os valores deixados nos cofres s\u00e3o suficientes para o primeiro m\u00eas do ano, ou se n\u00e3o houve nenhuma despesa proibida em ano eleitoral.&nbsp;<\/p>\n\n\n\n<p>\u201cEm rela\u00e7\u00e3o \u00e0s presta\u00e7\u00f5es de contas, uma que d\u00ea a cabo uma condena\u00e7\u00e3o ao gestor, uma responsabiliza\u00e7\u00e3o do gestor em rela\u00e7\u00e3o \u00e0s contas n\u00e3o aprovadas. Ele pode, inclusive, ser impedido de concorrer a cargo p\u00fablico, impedido de ser contratado em cargos p\u00fablicos, ele pode sofrer multas&nbsp;e isso da\u00ed pode, inclusive, dependendo do caso, ser transferido tamb\u00e9m para a esfera criminal.\u201d<\/p>\n\n\n\n<h2 class=\"wp-block-heading\">Pelos termos do documento, tamb\u00e9m \u00e9 fundamental que a prefeitura mantenha as seguintes certid\u00f5es atualizadas:<\/h2>\n\n\n\n<ul class=\"wp-block-list\">\n<li>Cadastro Geral de Convenentes (CAGEC);<\/li>\n\n\n\n<li>Sistema de Informa\u00e7\u00f5es sobre Requisitos Fiscais (CAUC);<\/li>\n\n\n\n<li>Certid\u00e3o Negativa da Receita Federal;<\/li>\n\n\n\n<li>Certificado de Regularidade Previdenci\u00e1ria (CRP);<\/li>\n\n\n\n<li>Certificado de Regularidade do FGTS;<\/li>\n\n\n\n<li>Certid\u00e3o Negativa de D\u00e9bitos Trabalhistas.<\/li>\n<\/ul>\n\n\n\n<p>Ainda de acordo com o TCU, \u00e9 fundamental que os gestores deixem os munic\u00edpios em situa\u00e7\u00e3o de adimpl\u00eancia, considerando que tamb\u00e9m pode haver recondu\u00e7\u00e3o ao cargo. Para o tribunal, a continuidade de servi\u00e7os e obras, por exemplo, \u00e9 uma forma de respeito \u00e0 supremacia do interesse p\u00fablico.&nbsp;<\/p>\n\n\n\n<p>Quanto \u00e0s transfer\u00eancias federais, sobretudo para prefeitos que v\u00e3o assumir pela primeira vez, \u00e9 fundamental mapear&nbsp;todos os conv\u00eanios do munic\u00edpio &#8211; saber se est\u00e3o ativos ou n\u00e3o \u2013 consultar se a presta\u00e7\u00e3o de contas foi feita, como foi feita e qual \u00e9 o status. Vale destacar que o prefeito anterior \u00e9 responsabilizado junto com o atual em alguns aspectos, principalmente por omiss\u00e3o na presta\u00e7\u00e3o de contas.&nbsp;<\/p>\n\n\n\n<p>Fonte: <a href=\"https:\/\/brasil61.com\/n\/tcu-reforca-medidas-necessarias-na-transicao-de-mandatos-bras2412948\" target=\"_blank\" rel=\"noreferrer noopener\">Brasil 61<\/a><\/p>\n<input type=\"hidden\" id=\"baseurl\" value=\"https:\/\/noticiasregionais.com.br\"><input type=\"hidden\" id=\"audio_nonce\" value=\"533fbb67b1\">","protected":false},"excerpt":{"rendered":"<p>De acordo com o TCU, \u00e9 fundamental que os gestores deixem os munic\u00edpios em situa\u00e7\u00e3o de adimpl\u00eancia, considerando que tamb\u00e9m&hellip;<\/p>\n","protected":false},"author":1,"featured_media":3653,"comment_status":"closed","ping_status":"open","sticky":false,"template":"","format":"standard","meta":{"sfsi_plus_gutenberg_text_before_share":"","sfsi_plus_gutenberg_show_text_before_share":"","sfsi_plus_gutenberg_icon_type":"","sfsi_plus_gutenberg_icon_alignemt":"","sfsi_plus_gutenburg_max_per_row":"","footnotes":""},"categories":[8,10,1],"tags":[],"class_list":["post-3831","post","type-post","status-publish","format-standard","has-post-thumbnail","hentry","category-brasil","category-destaques","category-noticias"],"_links":{"self":[{"href":"https:\/\/noticiasregionais.com.br\/index.php?rest_route=\/wp\/v2\/posts\/3831","targetHints":{"allow":["GET"]}}],"collection":[{"href":"https:\/\/noticiasregionais.com.br\/index.php?rest_route=\/wp\/v2\/posts"}],"about":[{"href":"https:\/\/noticiasregionais.com.br\/index.php?rest_route=\/wp\/v2\/types\/post"}],"author":[{"embeddable":true,"href":"https:\/\/noticiasregionais.com.br\/index.php?rest_route=\/wp\/v2\/users\/1"}],"replies":[{"embeddable":true,"href":"https:\/\/noticiasregionais.com.br\/index.php?rest_route=%2Fwp%2Fv2%2Fcomments&post=3831"}],"version-history":[{"count":1,"href":"https:\/\/noticiasregionais.com.br\/index.php?rest_route=\/wp\/v2\/posts\/3831\/revisions"}],"predecessor-version":[{"id":3832,"href":"https:\/\/noticiasregionais.com.br\/index.php?rest_route=\/wp\/v2\/posts\/3831\/revisions\/3832"}],"wp:featuredmedia":[{"embeddable":true,"href":"https:\/\/noticiasregionais.com.br\/index.php?rest_route=\/wp\/v2\/media\/3653"}],"wp:attachment":[{"href":"https:\/\/noticiasregionais.com.br\/index.php?rest_route=%2Fwp%2Fv2%2Fmedia&parent=3831"}],"wp:term":[{"taxonomy":"category","embeddable":true,"href":"https:\/\/noticiasregionais.com.br\/index.php?rest_route=%2Fwp%2Fv2%2Fcategories&post=3831"},{"taxonomy":"post_tag","embeddable":true,"href":"https:\/\/noticiasregionais.com.br\/index.php?rest_route=%2Fwp%2Fv2%2Ftags&post=3831"}],"curies":[{"name":"wp","href":"https:\/\/api.w.org\/{rel}","templated":true}]}}