{"id":3833,"date":"2024-11-11T08:25:10","date_gmt":"2024-11-11T11:25:10","guid":{"rendered":"https:\/\/noticiasregionais.com.br\/?p=3833"},"modified":"2024-11-11T08:25:12","modified_gmt":"2024-11-11T11:25:12","slug":"prf-prende-homem-com-carro-roubado-e-quase-300-quilos-de-maconha-apos-fuga-em-ourinhos-sp","status":"publish","type":"post","link":"https:\/\/noticiasregionais.com.br\/?p=3833","title":{"rendered":"PRF prende homem com carro roubado e quase 300 quilos de maconha, ap\u00f3s fuga em Ourinhos-SP"},"content":{"rendered":"\n<h4 class=\"wp-block-heading has-text-align-center\">O homem capotou o carro e sofreu ferimentos moderados por estar sem cinto de seguran\u00e7a.<\/h4>\n\n\n\n<p>Na manh\u00e3 da \u00faltima sexta-feira (8), por volta das 7 horas, a PRF prendeu o motorista de um Hyundai HB20S, no km 339 da BR-153, em Ourinhos-SP, pr\u00f3ximo da divisa do Paran\u00e1 com S\u00e3o Paulo. A pris\u00e3o ocorreu ap\u00f3s o homem desobedecer a ordem de parada, iniciar fuga e capotar com o carro.\u00a0O carro era roubado e trazia tijolos de maconha no porta-malas.\u00a0<\/p>\n\n\n\n<p>Os policiais deram ordem de parada, mas o motorista desobedeceu e fugiu em alta velocidade. Ele adentrou o acesso da Faculdade Integrada de Ourinhos e por diversas vezes realizou manobras bruscas nas vias internas do campus, colocando em perigo os alunos que estavam chegando para as aulas.<\/p>\n\n\n\n<p>Em determinando momento da fuga, o homem perdeu a dire\u00e7\u00e3o do ve\u00edculo e capotou.<\/p>\n\n\n\n<p>O motorista foi ejetado para fora por estar sem o cinto de seguran\u00e7a, e o ve\u00edculo permaneceu tombado com as rodas para cima. O capotamento tamb\u00e9m provocou o lan\u00e7amento de v\u00e1rios tabletes de maconha para fora do carro.<\/p>\n\n\n\n<p>A equipe acionou o resgate imediatamente para socorro do motorista, que sofreu v\u00e1rias les\u00f5es, por\u00e9m consceinte.<\/p>\n\n\n\n<p>O ve\u00edculo e o entorepcente foram encaminhados para a DISE de Ourinhos\/SP.<\/p>\n\n\n\n<p>O homem foi encaminhado pelo SAMU para a Santa Casa de Ourinhos\/SP, onde aguardar\u00e1 o acompanhamento e alta m\u00e9dica.<\/p>\n\n\n\n<p>A droga totalizou 299 quilos. O ve\u00edculo possu\u00eda queixa de roubo e estava com as placas trocadas.<\/p>\n<input type=\"hidden\" id=\"baseurl\" value=\"https:\/\/noticiasregionais.com.br\"><input type=\"hidden\" id=\"audio_nonce\" value=\"533fbb67b1\">","protected":false},"excerpt":{"rendered":"<p>O homem capotou o carro e sofreu ferimentos moderados por estar sem cinto de seguran\u00e7a. Na manh\u00e3 da \u00faltima sexta-feira&hellip;<\/p>\n","protected":false},"author":1,"featured_media":3834,"comment_status":"closed","ping_status":"open","sticky":false,"template":"","format":"standard","meta":{"sfsi_plus_gutenberg_text_before_share":"","sfsi_plus_gutenberg_show_text_before_share":"","sfsi_plus_gutenberg_icon_type":"","sfsi_plus_gutenberg_icon_alignemt":"","sfsi_plus_gutenburg_max_per_row":"","footnotes":""},"categories":[5,10,1],"tags":[],"class_list":["post-3833","post","type-post","status-publish","format-standard","has-post-thumbnail","hentry","category-ourinhos","category-destaques","category-noticias"],"_links":{"self":[{"href":"https:\/\/noticiasregionais.com.br\/index.php?rest_route=\/wp\/v2\/posts\/3833","targetHints":{"allow":["GET"]}}],"collection":[{"href":"https:\/\/noticiasregionais.com.br\/index.php?rest_route=\/wp\/v2\/posts"}],"about":[{"href":"https:\/\/noticiasregionais.com.br\/index.php?rest_route=\/wp\/v2\/types\/post"}],"author":[{"embeddable":true,"href":"https:\/\/noticiasregionais.com.br\/index.php?rest_route=\/wp\/v2\/users\/1"}],"replies":[{"embeddable":true,"href":"https:\/\/noticiasregionais.com.br\/index.php?rest_route=%2Fwp%2Fv2%2Fcomments&post=3833"}],"version-history":[{"count":1,"href":"https:\/\/noticiasregionais.com.br\/index.php?rest_route=\/wp\/v2\/posts\/3833\/revisions"}],"predecessor-version":[{"id":3835,"href":"https:\/\/noticiasregionais.com.br\/index.php?rest_route=\/wp\/v2\/posts\/3833\/revisions\/3835"}],"wp:featuredmedia":[{"embeddable":true,"href":"https:\/\/noticiasregionais.com.br\/index.php?rest_route=\/wp\/v2\/media\/3834"}],"wp:attachment":[{"href":"https:\/\/noticiasregionais.com.br\/index.php?rest_route=%2Fwp%2Fv2%2Fmedia&parent=3833"}],"wp:term":[{"taxonomy":"category","embeddable":true,"href":"https:\/\/noticiasregionais.com.br\/index.php?rest_route=%2Fwp%2Fv2%2Fcategories&post=3833"},{"taxonomy":"post_tag","embeddable":true,"href":"https:\/\/noticiasregionais.com.br\/index.php?rest_route=%2Fwp%2Fv2%2Ftags&post=3833"}],"curies":[{"name":"wp","href":"https:\/\/api.w.org\/{rel}","templated":true}]}}