{"id":3846,"date":"2024-11-20T09:37:30","date_gmt":"2024-11-20T12:37:30","guid":{"rendered":"https:\/\/noticiasregionais.com.br\/?p=3846"},"modified":"2024-11-20T09:37:33","modified_gmt":"2024-11-20T12:37:33","slug":"operacao-proclamacao-da-republica-2024-da-pre-teve-foco-na-seguranca-viaria-em-nossa-regiao","status":"publish","type":"post","link":"https:\/\/noticiasregionais.com.br\/?p=3846","title":{"rendered":"Opera\u00e7\u00e3o \u201cProclama\u00e7\u00e3o da Rep\u00fablica &#8211; 2024\u201d da PRE teve foco na seguran\u00e7a vi\u00e1ria em nossa regi\u00e3o"},"content":{"rendered":"\n<p>A Pol\u00edcia Militar Rodovi\u00e1ria do Estado de S\u00e3o Paulo, por meio da 3\u00aa Companhia do 2\u00ba Batalh\u00e3o, realizou a Opera\u00e7\u00e3o \u201cProclama\u00e7\u00e3o da Rep\u00fablica &#8211; 2024\u201d entre os dias 14 e 17 de novembro. Atuando em 1.700 quil\u00f4metros de rodovias estaduais que abrangem 64 munic\u00edpios das regi\u00f5es de Assis, Mar\u00edlia e Ourinhos, a a\u00e7\u00e3o teve como objetivo garantir a seguran\u00e7a dos usu\u00e1rios durante o feriado prolongado.<\/p>\n\n\n\n<p>O policiamento foi intensificado com a mobiliza\u00e7\u00e3o de todo o efetivo operacional e administrativo, em parceria com \u00f3rg\u00e3os como o Departamento de Estradas de Rodagem (DER), ARTESP e concession\u00e1rias de rodovias. A opera\u00e7\u00e3o priorizou \u00e1reas de maior incid\u00eancia de acidentes e crimes, promovendo uma sensa\u00e7\u00e3o ampliada de seguran\u00e7a.<\/p>\n\n\n\n<p><strong>Balan\u00e7o da opera\u00e7\u00e3o<\/strong><br>Durante os quatro dias de opera\u00e7\u00e3o:<\/p>\n\n\n\n<ul class=\"wp-block-list\">\n<li><strong>627 autua\u00e7\u00f5es<\/strong> foram registradas por diversas infra\u00e7\u00f5es de tr\u00e2nsito, incluindo:\n<ul class=\"wp-block-list\">\n<li>165 por falta do uso do cinto de seguran\u00e7a;<\/li>\n\n\n\n<li>22 por dirigir sob influ\u00eancia de \u00e1lcool ou recusa ao teste do etil\u00f4metro;<\/li>\n\n\n\n<li>24 por ultrapassagens em locais proibidos.<\/li>\n<\/ul>\n<\/li>\n\n\n\n<li><strong>2.494 imagens<\/strong> foram captadas por excesso de velocidade.<\/li>\n\n\n\n<li><strong>869 motoristas<\/strong> passaram por testes de alcoolemia.<\/li>\n<\/ul>\n\n\n\n<p>Em rela\u00e7\u00e3o aos acidentes, foram registrados 21 sinistros de tr\u00e2nsito, sendo 15 com v\u00edtimas e 6 sem v\u00edtimas. Infelizmente, duas pessoas perderam a vida em decorr\u00eancia dos acidentes.<\/p>\n\n\n\n<p><strong>Principais causas e alerta<\/strong><br>A imprud\u00eancia dos motoristas foi identificada como o principal fator para os sinistros, com condutas como neglig\u00eancia, imper\u00edcia e desrespeito \u00e0 sinaliza\u00e7\u00e3o rodovi\u00e1ria figurando entre as causas mais frequentes.<\/p>\n\n\n\n<p>A Pol\u00edcia Rodovi\u00e1ria refor\u00e7a que a seguran\u00e7a no tr\u00e2nsito depende de atitudes conscientes. Respeito \u00e0s leis, paci\u00eancia e empatia podem transformar as estradas em um espa\u00e7o mais seguro para todos.<\/p>\n\n\n\n<p>Com a\u00e7\u00f5es como essa, a corpora\u00e7\u00e3o reafirma seu compromisso com a defesa da vida e da integridade de quem utiliza as rodovias estaduais.<\/p>\n<input type=\"hidden\" id=\"baseurl\" value=\"https:\/\/noticiasregionais.com.br\"><input type=\"hidden\" id=\"audio_nonce\" value=\"533fbb67b1\">","protected":false},"excerpt":{"rendered":"<p>A Pol\u00edcia Militar Rodovi\u00e1ria do Estado de S\u00e3o Paulo, por meio da 3\u00aa Companhia do 2\u00ba Batalh\u00e3o, realizou a Opera\u00e7\u00e3o&hellip;<\/p>\n","protected":false},"author":1,"featured_media":3847,"comment_status":"closed","ping_status":"open","sticky":false,"template":"","format":"standard","meta":{"sfsi_plus_gutenberg_text_before_share":"","sfsi_plus_gutenberg_show_text_before_share":"","sfsi_plus_gutenberg_icon_type":"","sfsi_plus_gutenberg_icon_alignemt":"","sfsi_plus_gutenburg_max_per_row":"","footnotes":""},"categories":[5,12,1],"tags":[],"class_list":["post-3846","post","type-post","status-publish","format-standard","has-post-thumbnail","hentry","category-ourinhos","category-capa","category-noticias"],"_links":{"self":[{"href":"https:\/\/noticiasregionais.com.br\/index.php?rest_route=\/wp\/v2\/posts\/3846","targetHints":{"allow":["GET"]}}],"collection":[{"href":"https:\/\/noticiasregionais.com.br\/index.php?rest_route=\/wp\/v2\/posts"}],"about":[{"href":"https:\/\/noticiasregionais.com.br\/index.php?rest_route=\/wp\/v2\/types\/post"}],"author":[{"embeddable":true,"href":"https:\/\/noticiasregionais.com.br\/index.php?rest_route=\/wp\/v2\/users\/1"}],"replies":[{"embeddable":true,"href":"https:\/\/noticiasregionais.com.br\/index.php?rest_route=%2Fwp%2Fv2%2Fcomments&post=3846"}],"version-history":[{"count":1,"href":"https:\/\/noticiasregionais.com.br\/index.php?rest_route=\/wp\/v2\/posts\/3846\/revisions"}],"predecessor-version":[{"id":3848,"href":"https:\/\/noticiasregionais.com.br\/index.php?rest_route=\/wp\/v2\/posts\/3846\/revisions\/3848"}],"wp:featuredmedia":[{"embeddable":true,"href":"https:\/\/noticiasregionais.com.br\/index.php?rest_route=\/wp\/v2\/media\/3847"}],"wp:attachment":[{"href":"https:\/\/noticiasregionais.com.br\/index.php?rest_route=%2Fwp%2Fv2%2Fmedia&parent=3846"}],"wp:term":[{"taxonomy":"category","embeddable":true,"href":"https:\/\/noticiasregionais.com.br\/index.php?rest_route=%2Fwp%2Fv2%2Fcategories&post=3846"},{"taxonomy":"post_tag","embeddable":true,"href":"https:\/\/noticiasregionais.com.br\/index.php?rest_route=%2Fwp%2Fv2%2Ftags&post=3846"}],"curies":[{"name":"wp","href":"https:\/\/api.w.org\/{rel}","templated":true}]}}