{"id":3849,"date":"2024-11-21T21:34:52","date_gmt":"2024-11-22T00:34:52","guid":{"rendered":"https:\/\/noticiasregionais.com.br\/?p=3849"},"modified":"2024-11-21T21:35:03","modified_gmt":"2024-11-22T00:35:03","slug":"simples-nacional-prazo-para-regularizacao-de-dividas-termina-dia-29-11","status":"publish","type":"post","link":"https:\/\/noticiasregionais.com.br\/?p=3849","title":{"rendered":"Simples Nacional: prazo para regulariza\u00e7\u00e3o de d\u00edvidas termina dia 29\/11"},"content":{"rendered":"\n<h4 class=\"wp-block-heading has-text-align-center\">Com a ades\u00e3o ao Edital PGDAU n\u00ba 7\/2024 da PGFN, empresas podem ter descontos de at\u00e9 100% em juros e multas, parcelamento em at\u00e9 133 vezes e entrada facilitada, conforme o perfil da d\u00edvida no Simples<\/h4>\n\n\n\n<p>O prazo para microempreendedores, microempresas e empresas de pequeno porte aderirem ao <a href=\"https:\/\/www.gov.br\/pgfn\/pt-br\/servicos\/orientacoes-contribuintes\/acordo-de-transacao\" target=\"_blank\" rel=\"noreferrer noopener\">edital PGDAU n\u00ba 7<\/a> da Procuradoria-Geral da Fazenda Nacional (<a href=\"https:\/\/www.gov.br\/pgfn\/pt-br\" target=\"_blank\" rel=\"noreferrer noopener\">PGFN<\/a>) para a regulariza\u00e7\u00e3o de d\u00edvidas ativas no <a href=\"https:\/\/www8.receita.fazenda.gov.br\/simplesnacional\/\" target=\"_blank\" rel=\"noreferrer noopener\">Simples Nacional<\/a> vai at\u00e9 dia 29 de novembro, \u00e0s 19h. Os benef\u00edcios variam conforme o perfil do contribuinte e da d\u00edvida.<\/p>\n\n\n\n<p>O Simples Nacional \u00e9 um regime unificado de tributa\u00e7\u00e3o e &nbsp;podem optar por ele os microempreendedores Individuais (MEIs), microempresas (MEs) e empresas de pequeno porte (EPPs) com faturamento anual de at\u00e9 R$ 4,8 milh\u00f5es. O edital \u00e9 direcionado especificamente para esse p\u00fablico e, entre os principais benef\u00edcios, est\u00e3o a&nbsp;redu\u00e7\u00e3o significativa do valor total da d\u00edvida, podendo chegar a at\u00e9 100% dos juros, multas e encargos legais e, ainda,&nbsp;flexibilidade para dividir o pagamento em at\u00e9 133 parcelas.<\/p>\n\n\n\n<p>S\u00e3o duas modalidades de transa\u00e7\u00e3o: uma baseada na capacidade de pagamento e outra para d\u00edvidas de menor valor. Nos dois casos, h\u00e1 condi\u00e7\u00f5es especiais e prazos mais longos.&nbsp;<\/p>\n\n\n\n<p>O diretor adjunto da Comiss\u00e3o de Direito Tribut\u00e1rio da OAB\/GO, &nbsp;Guilherme Di Ferreira, destaca o papel da ades\u00e3o ao edital nas opera\u00e7\u00f5es das empresas. \u201cAp\u00f3s a ades\u00e3o, o empres\u00e1rio que estiver em dia com o pagamento, ele ter\u00e1 uma certid\u00e3o negativa de d\u00e9bitos e poder\u00e1, ent\u00e3o, usufruir e requerer cr\u00e9ditos no mercado e poder\u00e1 voltar a fazer suas opera\u00e7\u00f5es comerciais normalmente\u201d, afirma.<\/p>\n\n\n\n<p>Para a&nbsp;concess\u00e3o dos benef\u00edcios, a PGFN analisa o grau de recuperabilidade da d\u00edvida. \u201cCada edital possui os seus pr\u00f3prios crit\u00e9rios, mas em linhas gerais os crit\u00e9rios utilizados pela PGFN para possibilitar descontos de multas, juros, parcelamento e entrada facilitada s\u00e3o a classifica\u00e7\u00e3o da d\u00edvida e a capacidade de pagamento do contribuinte. Esses s\u00e3o os principais crit\u00e9rios utilizados nos editais para os benef\u00edcios&nbsp;que v\u00e3o ser disponibilizados para os contribuintes\u201d, pontua Guilherme Di Ferreira.<\/p>\n\n\n\n<p><strong>Veja mais:<\/strong><\/p>\n\n\n\n<ul class=\"wp-block-list\">\n<li><a href=\"https:\/\/brasil61.com\/n\/simples-nacional-saiba-mais-sobre-o-regime-unificado-de-tributacao-bras2412905\" target=\"_blank\" rel=\"noopener\">Simples Nacional: saiba mais sobre o regime unificado de tributa\u00e7\u00e3o<\/a><\/li>\n<\/ul>\n\n\n\n<h2 class=\"wp-block-heading\">Import\u00e2ncia do planejamento<\/h2>\n\n\n\n<p>A partir de 1\u00b0 de janeiro de 2025 mais de 1,8 milh\u00e3o de MEIs, ME e EPP podem ser exclu\u00eddos do Simples Nacional por inadimpl\u00eancia. O somat\u00f3rio da d\u00edvida desses empreendimentos chega a R$ 26,7 bilh\u00f5es \u00e0 Receita Federal e \u00e0 Procuradoria-Geral da Fazenda Nacional.<\/p>\n\n\n\n<p>Entre os inadimplentes, 1.121.419 s\u00e3o MEIs e 754.915 s\u00e3o MEs ou EPPs. Por\u00e9m, segundo a Receita Federal, apesar de serem vistos como maioria dos devedores, esse p\u00fablico n\u00e3o \u00e9 totalidade, j\u00e1 que outros perfis de empresas tamb\u00e9m t\u00eam d\u00e9bitos com os \u00f3rg\u00e3os federais.&nbsp;<\/p>\n\n\n\n<p>O especialista Guilherme Di Ferreira ressalta a import\u00e2ncia do empres\u00e1rio se planejar para aderir a editais como o PGDAU n\u00ba 7 para evitar riscos financeiros.<\/p>\n\n\n\n<p>\u201cA empresa ent\u00e3o tem que fazer um estudo e uma an\u00e1lise junto com seu contador e tamb\u00e9m um planejador tribut\u00e1rio, um advogado tributarista, para que saiba se tem capacidade real de arcar com aquele custo mensal, arcar com a entrada e arcar com os pagamentos mensais\u201d, aponta.<\/p>\n\n\n\n<p>Segundo Guilherme, a prioriza\u00e7\u00e3o de d\u00edvidas que podem impactar a atua\u00e7\u00e3o da empresa tamb\u00e9m \u00e9 essencial para n\u00e3o inviabilizar a sua opera\u00e7\u00e3o.<\/p>\n\n\n\n<p>\u201cPriorizar tamb\u00e9m d\u00edvidas que impactam a opera\u00e7\u00e3o da empresa, pois a partir do momento que a d\u00edvida que tem um impacto direto com o dia a dia da empresa, ela esteja parcelada, ent\u00e3o ser\u00e1 poss\u00edvel a CND naquele momento, daquela situa\u00e7\u00e3o, e a empresa ent\u00e3o poder\u00e1 continuar operando e n\u00e3o ter\u00e1 a sua opera\u00e7\u00e3o invi\u00e1vel. E ela continuar\u00e1 funcionando, rendendo e podendo pagar ent\u00e3o essa d\u00edvida\u201d, esclarece o especialista.<\/p>\n\n\n\n<p>H\u00e1 tamb\u00e9m outro edital em aberto, o <a href=\"https:\/\/www.gov.br\/pgfn\/pt-br\/servicos\/orientacoes-contribuintes\/acordo-de-transacao\" target=\"_blank\" rel=\"noreferrer noopener\">PGDAU n. 6\/2024<\/a>, que abrange os d\u00e9bitos de Simples Nacional e as demais naturezas tribut\u00e1rias e n\u00e3o tribut\u00e1rias, exceto as d\u00edvidas de Fundo de Garantia do Tempo de Servi\u00e7o (FGTS), cuja ades\u00e3o vai at\u00e9 31 de janeiro de 2025, \u00e0s 19h.<br>&nbsp;<\/p>\n\n\n\n<p>Fonte: <a href=\"https:\/\/brasil61.com\/n\/simples-nacional-prazo-para-regularizacao-de-dividas-termina-dia-29-11-bras2413040\" target=\"_blank\" rel=\"noreferrer noopener\">Brasil 61<\/a><\/p>\n<input type=\"hidden\" id=\"baseurl\" value=\"https:\/\/noticiasregionais.com.br\"><input type=\"hidden\" id=\"audio_nonce\" value=\"533fbb67b1\">","protected":false},"excerpt":{"rendered":"<p>Com a ades\u00e3o ao Edital PGDAU n\u00ba 7\/2024 da PGFN, empresas podem ter descontos de at\u00e9 100% em juros e&hellip;<\/p>\n","protected":false},"author":1,"featured_media":3850,"comment_status":"closed","ping_status":"open","sticky":false,"template":"","format":"standard","meta":{"sfsi_plus_gutenberg_text_before_share":"","sfsi_plus_gutenberg_show_text_before_share":"","sfsi_plus_gutenberg_icon_type":"","sfsi_plus_gutenberg_icon_alignemt":"","sfsi_plus_gutenburg_max_per_row":"","footnotes":""},"categories":[8,10],"tags":[],"class_list":["post-3849","post","type-post","status-publish","format-standard","has-post-thumbnail","hentry","category-brasil","category-destaques"],"_links":{"self":[{"href":"https:\/\/noticiasregionais.com.br\/index.php?rest_route=\/wp\/v2\/posts\/3849","targetHints":{"allow":["GET"]}}],"collection":[{"href":"https:\/\/noticiasregionais.com.br\/index.php?rest_route=\/wp\/v2\/posts"}],"about":[{"href":"https:\/\/noticiasregionais.com.br\/index.php?rest_route=\/wp\/v2\/types\/post"}],"author":[{"embeddable":true,"href":"https:\/\/noticiasregionais.com.br\/index.php?rest_route=\/wp\/v2\/users\/1"}],"replies":[{"embeddable":true,"href":"https:\/\/noticiasregionais.com.br\/index.php?rest_route=%2Fwp%2Fv2%2Fcomments&post=3849"}],"version-history":[{"count":1,"href":"https:\/\/noticiasregionais.com.br\/index.php?rest_route=\/wp\/v2\/posts\/3849\/revisions"}],"predecessor-version":[{"id":3851,"href":"https:\/\/noticiasregionais.com.br\/index.php?rest_route=\/wp\/v2\/posts\/3849\/revisions\/3851"}],"wp:featuredmedia":[{"embeddable":true,"href":"https:\/\/noticiasregionais.com.br\/index.php?rest_route=\/wp\/v2\/media\/3850"}],"wp:attachment":[{"href":"https:\/\/noticiasregionais.com.br\/index.php?rest_route=%2Fwp%2Fv2%2Fmedia&parent=3849"}],"wp:term":[{"taxonomy":"category","embeddable":true,"href":"https:\/\/noticiasregionais.com.br\/index.php?rest_route=%2Fwp%2Fv2%2Fcategories&post=3849"},{"taxonomy":"post_tag","embeddable":true,"href":"https:\/\/noticiasregionais.com.br\/index.php?rest_route=%2Fwp%2Fv2%2Ftags&post=3849"}],"curies":[{"name":"wp","href":"https:\/\/api.w.org\/{rel}","templated":true}]}}