{"id":3856,"date":"2024-11-26T18:42:22","date_gmt":"2024-11-26T21:42:22","guid":{"rendered":"https:\/\/noticiasregionais.com.br\/?p=3856"},"modified":"2024-11-26T18:42:25","modified_gmt":"2024-11-26T21:42:25","slug":"abono-salarial-ate-quando-pode-sacar-saiba-quem-tem-direito-2","status":"publish","type":"post","link":"https:\/\/noticiasregionais.com.br\/?p=3856","title":{"rendered":"Abono Salarial: at\u00e9 quando pode sacar? Saiba quem tem direito"},"content":{"rendered":"\n<h4 class=\"wp-block-heading has-text-align-center\">Os valores para as categorias variam entre R$ 118,00 e R$ 1.412,00, levando em conta o n\u00famero de meses trabalhados ao longo do ano-base 2022<\/h4>\n\n\n\n<p>Os trabalhadores que ainda n\u00e3o sacaram o abono salarial PIS-Pasep 2024 &#8211; ano-base 2022 \u2013 t\u00eam at\u00e9 o dia 27 de dezembro para retirarem o dinheiro referente ao benef\u00edcio. At\u00e9 essa data, os pagamentos v\u00e3o continuar sendo feitos nos dias 15 de cada m\u00eas, ou no dia \u00fatil seguinte.<\/p>\n\n\n\n<p>O abono salarial corresponde a um valor de at\u00e9 um sal\u00e1rio-m\u00ednimo, concedido todos os anos aos trabalhadores e servidores que atendem aos requisitos do programa. De acordo com o Minist\u00e9rio do Trabalho, at\u00e9 o fim de agosto&nbsp;um total de R$ 283,4 milh\u00f5es do abono salarial ainda havia sido sacado.<\/p>\n\n\n\n<p><a href=\"https:\/\/brasil61.com\/n\/reforma-tributaria-setores-de-infraestrutura-debatem-impactos-bras2412679\" target=\"_blank\" rel=\"noreferrer noopener\">Reforma Tribut\u00e1ria: setores de infraestrutura debatem impactos<\/a><\/p>\n\n\n\n<p>Os valores s\u00e3o destinados aos trabalhadores da iniciativa privada, via PIS, e para os servidores p\u00fablicos, via Pasep. Os valores para as categorias variam entre R$ 118,00 e R$ 1.412,00, levando em conta o n\u00famero de meses trabalhados ao longo do ano-base 2022.<\/p>\n\n\n\n<h2 class=\"wp-block-heading\">Quem tem direito?<\/h2>\n\n\n\n<p>O abono salarial do PIS\/Pasep \u00e9 pago a trabalhadores que atuam com carteira assinada e a servidores p\u00fablicos que receberam sal\u00e1rio mensal m\u00e9dio de at\u00e9 dois sal\u00e1rios-m\u00ednimos ao longo do ano-base. Diante disso, trabalhadores rurais ou urbanos empregados por pessoa f\u00edsica, assim como empregadas dom\u00e9sticas, n\u00e3o recebem o benef\u00edcio. Confira quem tem direito ao abono:<\/p>\n\n\n\n<ul class=\"wp-block-list\">\n<li>Trabalhadores e servidores p\u00fablicos cadastrados no programa PIS\/PASEP ou no CNIS h\u00e1 pelo menos cinco anos;<\/li>\n\n\n\n<li>Quem recebeu at\u00e9 2 sal\u00e1rios-m\u00ednimos m\u00e9dios de remunera\u00e7\u00e3o mensal no ano-base;<\/li>\n\n\n\n<li>Quem trabalhou para empregadores que contribuem para o Programa de Integra\u00e7\u00e3o Social (PIS) ou para o Programa de Forma\u00e7\u00e3o do Patrim\u00f4nio do Servidor P\u00fablico (Pasep);<\/li>\n\n\n\n<li>Quem tem dados informados pelo empregador corretamente na Rela\u00e7\u00e3o Anual de Informa\u00e7\u00f5es Sociais (RAIS) ou no eSocial do ano-base;\u00a0<\/li>\n\n\n\n<li>Quem exerceu atividade remunerada por pelo menos 30 dias, consecutivos ou n\u00e3o, no ano-base.\u00a0<\/li>\n<\/ul>\n\n\n\n<h2 class=\"wp-block-heading\">Quem n\u00e3o tem direito?<\/h2>\n\n\n\n<ul class=\"wp-block-list\">\n<li>Trabalhadores rurais empregados por pessoa f\u00edsica;<\/li>\n\n\n\n<li>Trabalhadores empregados por pessoa f\u00edsica equiparada a jur\u00eddica.<\/li>\n\n\n\n<li>Trabalhadores urbanos empregados por pessoa f\u00edsica;<\/li>\n\n\n\n<li>Empregados dom\u00e9sticos.\u00a0<br>\u00a0<\/li>\n<\/ul>\n\n\n\n<p>Fonte: <a href=\"https:\/\/brasil61.com\/n\/abono-salarial-ate-quando-pode-sacar-saiba-quem-tem-direito-bras2412689\" target=\"_blank\" rel=\"noreferrer noopener\">Brasil 61<\/a><\/p>\n<input type=\"hidden\" id=\"baseurl\" value=\"https:\/\/noticiasregionais.com.br\"><input type=\"hidden\" id=\"audio_nonce\" value=\"533fbb67b1\">","protected":false},"excerpt":{"rendered":"<p>Os valores para as categorias variam entre R$ 118,00 e R$ 1.412,00, levando em conta o n\u00famero de meses trabalhados&hellip;<\/p>\n","protected":false},"author":1,"featured_media":3857,"comment_status":"closed","ping_status":"open","sticky":false,"template":"","format":"standard","meta":{"sfsi_plus_gutenberg_text_before_share":"","sfsi_plus_gutenberg_show_text_before_share":"","sfsi_plus_gutenberg_icon_type":"","sfsi_plus_gutenberg_icon_alignemt":"","sfsi_plus_gutenburg_max_per_row":"","footnotes":""},"categories":[8,10,1],"tags":[],"class_list":["post-3856","post","type-post","status-publish","format-standard","has-post-thumbnail","hentry","category-brasil","category-destaques","category-noticias"],"_links":{"self":[{"href":"https:\/\/noticiasregionais.com.br\/index.php?rest_route=\/wp\/v2\/posts\/3856","targetHints":{"allow":["GET"]}}],"collection":[{"href":"https:\/\/noticiasregionais.com.br\/index.php?rest_route=\/wp\/v2\/posts"}],"about":[{"href":"https:\/\/noticiasregionais.com.br\/index.php?rest_route=\/wp\/v2\/types\/post"}],"author":[{"embeddable":true,"href":"https:\/\/noticiasregionais.com.br\/index.php?rest_route=\/wp\/v2\/users\/1"}],"replies":[{"embeddable":true,"href":"https:\/\/noticiasregionais.com.br\/index.php?rest_route=%2Fwp%2Fv2%2Fcomments&post=3856"}],"version-history":[{"count":1,"href":"https:\/\/noticiasregionais.com.br\/index.php?rest_route=\/wp\/v2\/posts\/3856\/revisions"}],"predecessor-version":[{"id":3858,"href":"https:\/\/noticiasregionais.com.br\/index.php?rest_route=\/wp\/v2\/posts\/3856\/revisions\/3858"}],"wp:featuredmedia":[{"embeddable":true,"href":"https:\/\/noticiasregionais.com.br\/index.php?rest_route=\/wp\/v2\/media\/3857"}],"wp:attachment":[{"href":"https:\/\/noticiasregionais.com.br\/index.php?rest_route=%2Fwp%2Fv2%2Fmedia&parent=3856"}],"wp:term":[{"taxonomy":"category","embeddable":true,"href":"https:\/\/noticiasregionais.com.br\/index.php?rest_route=%2Fwp%2Fv2%2Fcategories&post=3856"},{"taxonomy":"post_tag","embeddable":true,"href":"https:\/\/noticiasregionais.com.br\/index.php?rest_route=%2Fwp%2Fv2%2Ftags&post=3856"}],"curies":[{"name":"wp","href":"https:\/\/api.w.org\/{rel}","templated":true}]}}