{"id":3859,"date":"2024-11-26T19:27:20","date_gmt":"2024-11-26T22:27:20","guid":{"rendered":"https:\/\/noticiasregionais.com.br\/?p=3859"},"modified":"2024-11-26T19:27:31","modified_gmt":"2024-11-26T22:27:31","slug":"tor-intercepta-elemento-transportando-produtos-em-ato-de-descaminho-na-raposo-tavares","status":"publish","type":"post","link":"https:\/\/noticiasregionais.com.br\/?p=3859","title":{"rendered":"TOR intercepta elemento transportando produtos em ato de descaminho na Raposo Tavares"},"content":{"rendered":"\n<h4 class=\"wp-block-heading has-text-align-center\">Flagrante ocorreu em Assis e mercadoria estava escondida em fundo falso do ve\u00edculo<\/h4>\n\n\n\n<p>Na tarde desta ter\u00e7a-feira (26), durante a Opera\u00e7\u00e3o Impacto, policiais militares do T\u00e1tico Ostensivo Rodovi\u00e1rio (TOR) realizaram a abordagem de um ve\u00edculo Ford Fiesta na altura do km 453 da Rodovia Raposo Tavares (SP-270), em Assis\/SP. O carro era ocupado pelo motorista e dois passageiros.<\/p>\n\n\n\n<p>Durante a fiscaliza\u00e7\u00e3o, os agentes localizaram um fundo falso no ve\u00edculo, onde estavam escondidas caixas de vinhos e aparelhos celulares. Todos os itens estavam sem a devida nota fiscal, configurando o crime de descaminho.<\/p>\n\n\n\n<p>De acordo com as informa\u00e7\u00f5es preliminares, nenhum dos tr\u00eas ocupantes do ve\u00edculo possu\u00eda antecedentes criminais. A ocorr\u00eancia foi registrada e, ap\u00f3s os procedimentos iniciais, o caso ser\u00e1 encaminhado \u00e0 Pol\u00edcia Federal de Mar\u00edlia\/SP para as provid\u00eancias cab\u00edveis.<\/p>\n\n\n\n<p>Essa a\u00e7\u00e3o faz parte do esfor\u00e7o cont\u00ednuo da Pol\u00edcia Militar de S\u00e3o Paulo para combater crimes e garantir a seguran\u00e7a nas rodovias do estado.<\/p>\n\n\n\n<p><\/p>\n<input type=\"hidden\" id=\"baseurl\" value=\"https:\/\/noticiasregionais.com.br\"><input type=\"hidden\" id=\"audio_nonce\" value=\"533fbb67b1\">","protected":false},"excerpt":{"rendered":"<p>Flagrante ocorreu em Assis e mercadoria estava escondida em fundo falso do ve\u00edculo Na tarde desta ter\u00e7a-feira (26), durante a&hellip;<\/p>\n","protected":false},"author":1,"featured_media":3860,"comment_status":"closed","ping_status":"open","sticky":false,"template":"","format":"standard","meta":{"sfsi_plus_gutenberg_text_before_share":"","sfsi_plus_gutenberg_show_text_before_share":"","sfsi_plus_gutenberg_icon_type":"","sfsi_plus_gutenberg_icon_alignemt":"","sfsi_plus_gutenburg_max_per_row":"","footnotes":""},"categories":[6,12,1],"tags":[],"class_list":["post-3859","post","type-post","status-publish","format-standard","has-post-thumbnail","hentry","category-sao_paulo","category-capa","category-noticias"],"_links":{"self":[{"href":"https:\/\/noticiasregionais.com.br\/index.php?rest_route=\/wp\/v2\/posts\/3859","targetHints":{"allow":["GET"]}}],"collection":[{"href":"https:\/\/noticiasregionais.com.br\/index.php?rest_route=\/wp\/v2\/posts"}],"about":[{"href":"https:\/\/noticiasregionais.com.br\/index.php?rest_route=\/wp\/v2\/types\/post"}],"author":[{"embeddable":true,"href":"https:\/\/noticiasregionais.com.br\/index.php?rest_route=\/wp\/v2\/users\/1"}],"replies":[{"embeddable":true,"href":"https:\/\/noticiasregionais.com.br\/index.php?rest_route=%2Fwp%2Fv2%2Fcomments&post=3859"}],"version-history":[{"count":1,"href":"https:\/\/noticiasregionais.com.br\/index.php?rest_route=\/wp\/v2\/posts\/3859\/revisions"}],"predecessor-version":[{"id":3861,"href":"https:\/\/noticiasregionais.com.br\/index.php?rest_route=\/wp\/v2\/posts\/3859\/revisions\/3861"}],"wp:featuredmedia":[{"embeddable":true,"href":"https:\/\/noticiasregionais.com.br\/index.php?rest_route=\/wp\/v2\/media\/3860"}],"wp:attachment":[{"href":"https:\/\/noticiasregionais.com.br\/index.php?rest_route=%2Fwp%2Fv2%2Fmedia&parent=3859"}],"wp:term":[{"taxonomy":"category","embeddable":true,"href":"https:\/\/noticiasregionais.com.br\/index.php?rest_route=%2Fwp%2Fv2%2Fcategories&post=3859"},{"taxonomy":"post_tag","embeddable":true,"href":"https:\/\/noticiasregionais.com.br\/index.php?rest_route=%2Fwp%2Fv2%2Ftags&post=3859"}],"curies":[{"name":"wp","href":"https:\/\/api.w.org\/{rel}","templated":true}]}}