{"id":386,"date":"2023-09-15T10:38:43","date_gmt":"2023-09-15T13:38:43","guid":{"rendered":"https:\/\/noticiasregionais.com.br\/?p=386"},"modified":"2023-09-15T10:38:43","modified_gmt":"2023-09-15T13:38:43","slug":"refis-2023-da-prefeitura-e-prorrogado-ate-11-de-outubro","status":"publish","type":"post","link":"https:\/\/noticiasregionais.com.br\/?p=386","title":{"rendered":"REFIS 2023 da Prefeitura \u00e9 prorrogado at\u00e9 11 de outubro"},"content":{"rendered":"\n<p>A Secretaria Municipal de Finan\u00e7as da Prefeitura de Ourinhos informa que o Programa de Recupera\u00e7\u00e3o Fiscal (REFIS) 2023 teve ades\u00e3o prorrogada at\u00e9 o dia 11 de outubro deste ano, de acordo com o Decreto n\u00ba 7. 782\/23.<\/p>\n\n\n\n<p>O pedido poder\u00e1 ser feito de forma presencial, com agendamento no Poupatempo (portal poupatempo.sp.gov.br, app Poupatempo ou pelo chat Whatsapp: 14 99762 8404) ou virtualmente, conforme instru\u00e7\u00f5es disponibilizadas no chat WhatsApp.<\/p>\n\n\n\n<p>As concess\u00f5es de descontos nos juros e multas, conforme plano de pagamento escolhido, s\u00e3o para d\u00e9bitos vencidos at\u00e9 o fim de 2017. Para os d\u00e9bitos entre 2018 e 2022, o desconto \u00e9 v\u00e1lido apenas para a multa de mora.<\/p>\n\n\n\n<p>Os valores podem ser divididos, desde que a parcela tenha valor m\u00ednimo de R$60. Os descontos variam de 30% a 100%, conforme a tabela abaixo:<\/p>\n\n\n\n<pre class=\"wp-block-code\"><code>\u2022 Pagamento \u00e0 vista, 100%.\n\u2022 At\u00e9 3 parcelas, 95%.\n\u2022 At\u00e9 6 parcelas, 90%\n\u2022 At\u00e9 12 parcelas, 70%.\n\u2022 At\u00e9 24 parcelas, 60%.\n\u2022 At\u00e9 36 parcelas, 50%.\n\u2022 At\u00e9 48 parcelas, 40%\n\u2022 At\u00e9 60 parcelas, 30%\n\u2022 At\u00e9 96 parcelas, 30% (Plano exclusivo para inscrito no Cad\u00danico com renda per capita de at\u00e9 \u00bd sal\u00e1rio-m\u00ednimo)<\/code><\/pre>\n\n\n\n<p>Na modalidade de parcelamento, os documentos necess\u00e1rios para a ades\u00e3o s\u00e3o: c\u00f3pias do RG, CPF e matr\u00edcula atualizada do im\u00f3vel (se o parcelamento for vinculado a d\u00e9bitos imobili\u00e1rios), escrituras p\u00fablicas, contratos de compra e venda e documentos equivalentes que comprovem o interesse do requerente.<\/p>\n<input type=\"hidden\" id=\"baseurl\" value=\"https:\/\/noticiasregionais.com.br\"><input type=\"hidden\" id=\"audio_nonce\" value=\"3cdc555a10\">","protected":false},"excerpt":{"rendered":"<p>A Secretaria Municipal de Finan\u00e7as da Prefeitura de Ourinhos informa que o Programa de Recupera\u00e7\u00e3o Fiscal (REFIS) 2023 teve ades\u00e3o&hellip;<\/p>\n","protected":false},"author":1,"featured_media":387,"comment_status":"closed","ping_status":"open","sticky":false,"template":"","format":"standard","meta":{"sfsi_plus_gutenberg_text_before_share":"","sfsi_plus_gutenberg_show_text_before_share":"","sfsi_plus_gutenberg_icon_type":"","sfsi_plus_gutenberg_icon_alignemt":"","sfsi_plus_gutenburg_max_per_row":"","footnotes":""},"categories":[5,10,1],"tags":[],"class_list":["post-386","post","type-post","status-publish","format-standard","has-post-thumbnail","hentry","category-ourinhos","category-destaques","category-noticias"],"_links":{"self":[{"href":"https:\/\/noticiasregionais.com.br\/index.php?rest_route=\/wp\/v2\/posts\/386","targetHints":{"allow":["GET"]}}],"collection":[{"href":"https:\/\/noticiasregionais.com.br\/index.php?rest_route=\/wp\/v2\/posts"}],"about":[{"href":"https:\/\/noticiasregionais.com.br\/index.php?rest_route=\/wp\/v2\/types\/post"}],"author":[{"embeddable":true,"href":"https:\/\/noticiasregionais.com.br\/index.php?rest_route=\/wp\/v2\/users\/1"}],"replies":[{"embeddable":true,"href":"https:\/\/noticiasregionais.com.br\/index.php?rest_route=%2Fwp%2Fv2%2Fcomments&post=386"}],"version-history":[{"count":1,"href":"https:\/\/noticiasregionais.com.br\/index.php?rest_route=\/wp\/v2\/posts\/386\/revisions"}],"predecessor-version":[{"id":388,"href":"https:\/\/noticiasregionais.com.br\/index.php?rest_route=\/wp\/v2\/posts\/386\/revisions\/388"}],"wp:featuredmedia":[{"embeddable":true,"href":"https:\/\/noticiasregionais.com.br\/index.php?rest_route=\/wp\/v2\/media\/387"}],"wp:attachment":[{"href":"https:\/\/noticiasregionais.com.br\/index.php?rest_route=%2Fwp%2Fv2%2Fmedia&parent=386"}],"wp:term":[{"taxonomy":"category","embeddable":true,"href":"https:\/\/noticiasregionais.com.br\/index.php?rest_route=%2Fwp%2Fv2%2Fcategories&post=386"},{"taxonomy":"post_tag","embeddable":true,"href":"https:\/\/noticiasregionais.com.br\/index.php?rest_route=%2Fwp%2Fv2%2Ftags&post=386"}],"curies":[{"name":"wp","href":"https:\/\/api.w.org\/{rel}","templated":true}]}}