{"id":3862,"date":"2024-11-26T19:49:52","date_gmt":"2024-11-26T22:49:52","guid":{"rendered":"https:\/\/noticiasregionais.com.br\/?p=3862"},"modified":"2024-11-26T19:50:38","modified_gmt":"2024-11-26T22:50:38","slug":"governo-de-sao-paulo-publica-edital-para-concurso-de-27-mil-vagas-de-soldados-da-pm","status":"publish","type":"post","link":"https:\/\/noticiasregionais.com.br\/?p=3862","title":{"rendered":"Governo de S\u00e3o Paulo publica edital para concurso de 2,7 mil vagas de soldados da PM"},"content":{"rendered":"\n<h3 class=\"wp-block-heading has-text-align-center\">As inscri\u00e7\u00f5es come\u00e7aram em 22 de Novembro e se estendem at\u00e9 22 de Dezembro<\/h3>\n\n\n\n<p>O Governo de S\u00e3o Paulo publicou no Di\u00e1rio Oficial do Estado, nesta quinta-feira (21), o edital para a contrata\u00e7\u00e3o de 2,7 mil soldados de 2\u00aa classe para a Pol\u00edcia Militar (PM). As inscri\u00e7\u00f5es come\u00e7aram na sexta-feira (22) e dever\u00e3o ser realizadas pelo site Funda\u00e7\u00e3o Get\u00falio Vargas. O prazo termina em 22 de dezembro.<\/p>\n\n\n\n<p>Para participar do concurso, os candidatos precisam atender aos requisitos do edital, como ter entre 17 e 30 anos, estar em dia com os certificados eleitorais e militares e atender aos crit\u00e9rios de altura m\u00ednima: 1,55m para mulheres e 1,60m para homens. O sal\u00e1rio inicial para o cargo \u00e9 de R$ 4.852,21.<\/p>\n\n\n\n<p>Segundo o edital, 51 munic\u00edpios estar\u00e3o dispon\u00edveis para a realiza\u00e7\u00e3o das provas, sendo 37 no estado de S\u00e3o Paulo e 14 em outras regi\u00f5es do pa\u00eds.<\/p>\n\n\n\n<p>As provas de conhecimentos est\u00e3o previstas para o dia 16 de fevereiro de 2025, no per\u00edodo da tarde. A taxa de inscri\u00e7\u00e3o ser\u00e1 de R$ 85 e poder\u00e1 ser paga at\u00e9 o 1\u00ba dia \u00fatil subsequente ao t\u00e9rmino do per\u00edodo de inscri\u00e7\u00f5es (23 de dezembro). O processo de sele\u00e7\u00e3o \u00e9 composto de cinco fases, sendo elas: exame de conhecimentos; exame de aptid\u00e3o f\u00edsica; exame psicol\u00f3gico; avalia\u00e7\u00e3o de conduta social, da reputa\u00e7\u00e3o e da idoneidade; e an\u00e1lise de documentos.<\/p>\n\n\n\n<p>Ap\u00f3s a inscri\u00e7\u00e3o, os candidatos dever\u00e3o acompanhar a publica\u00e7\u00e3o da convoca\u00e7\u00e3o no Di\u00e1rio Oficial do Estado de S\u00e3o Paulo, podendo tamb\u00e9m consultar as informa\u00e7\u00f5es no site da FGV. A \u00edntegra do edital est\u00e1 dispon\u00edvel no caderno Executivo, na se\u00e7\u00e3o de Concursos P\u00fablicos do Di\u00e1rio Oficial do Estado.<\/p>\n\n\n\n<p><strong>Composi\u00e7\u00e3o do efetivo na atual gest\u00e3o<\/strong><\/p>\n\n\n\n<p>Esse \u00e9 o quarto edital para soldado de 2\u00aa classe lan\u00e7ado na atual gest\u00e3o. Desde 2023, foram abertas 8,1 mil vagas, para refor\u00e7ar o policiamento ostensivo e preventivo em todo o estado.<\/p>\n\n\n\n<p>Atualmente, a PM possui 4,8 mil soldados de 2\u00aa classe e 647 alunos oficiais em forma\u00e7\u00e3o. Al\u00e9m disso, 2,4 mil policiais, incluindo 101 tenentes do quadro de sa\u00fade, j\u00e1 foram formados.<\/p>\n\n\n\n<p>H\u00e1 ainda 3,5 mil vagas em andamento para a Pol\u00edcia Militar, Pol\u00edcia Civil e Pol\u00edcia T\u00e9cnico-Cient\u00edfica. Com o novo edital, o total de vagas em concursos em andamento chega a 11,8 mil.<\/p>\n<input type=\"hidden\" id=\"baseurl\" value=\"https:\/\/noticiasregionais.com.br\"><input type=\"hidden\" id=\"audio_nonce\" value=\"533fbb67b1\">","protected":false},"excerpt":{"rendered":"<p>As inscri\u00e7\u00f5es come\u00e7aram em 22 de Novembro e se estendem at\u00e9 22 de Dezembro O Governo de S\u00e3o Paulo publicou&hellip;<\/p>\n","protected":false},"author":1,"featured_media":3863,"comment_status":"closed","ping_status":"open","sticky":false,"template":"","format":"standard","meta":{"sfsi_plus_gutenberg_text_before_share":"","sfsi_plus_gutenberg_show_text_before_share":"","sfsi_plus_gutenberg_icon_type":"","sfsi_plus_gutenberg_icon_alignemt":"","sfsi_plus_gutenburg_max_per_row":"","footnotes":""},"categories":[6,10,1],"tags":[],"class_list":["post-3862","post","type-post","status-publish","format-standard","has-post-thumbnail","hentry","category-sao_paulo","category-destaques","category-noticias"],"_links":{"self":[{"href":"https:\/\/noticiasregionais.com.br\/index.php?rest_route=\/wp\/v2\/posts\/3862","targetHints":{"allow":["GET"]}}],"collection":[{"href":"https:\/\/noticiasregionais.com.br\/index.php?rest_route=\/wp\/v2\/posts"}],"about":[{"href":"https:\/\/noticiasregionais.com.br\/index.php?rest_route=\/wp\/v2\/types\/post"}],"author":[{"embeddable":true,"href":"https:\/\/noticiasregionais.com.br\/index.php?rest_route=\/wp\/v2\/users\/1"}],"replies":[{"embeddable":true,"href":"https:\/\/noticiasregionais.com.br\/index.php?rest_route=%2Fwp%2Fv2%2Fcomments&post=3862"}],"version-history":[{"count":2,"href":"https:\/\/noticiasregionais.com.br\/index.php?rest_route=\/wp\/v2\/posts\/3862\/revisions"}],"predecessor-version":[{"id":3865,"href":"https:\/\/noticiasregionais.com.br\/index.php?rest_route=\/wp\/v2\/posts\/3862\/revisions\/3865"}],"wp:featuredmedia":[{"embeddable":true,"href":"https:\/\/noticiasregionais.com.br\/index.php?rest_route=\/wp\/v2\/media\/3863"}],"wp:attachment":[{"href":"https:\/\/noticiasregionais.com.br\/index.php?rest_route=%2Fwp%2Fv2%2Fmedia&parent=3862"}],"wp:term":[{"taxonomy":"category","embeddable":true,"href":"https:\/\/noticiasregionais.com.br\/index.php?rest_route=%2Fwp%2Fv2%2Fcategories&post=3862"},{"taxonomy":"post_tag","embeddable":true,"href":"https:\/\/noticiasregionais.com.br\/index.php?rest_route=%2Fwp%2Fv2%2Ftags&post=3862"}],"curies":[{"name":"wp","href":"https:\/\/api.w.org\/{rel}","templated":true}]}}