{"id":3867,"date":"2024-12-18T07:19:59","date_gmt":"2024-12-18T10:19:59","guid":{"rendered":"https:\/\/noticiasregionais.com.br\/?p=3867"},"modified":"2024-12-18T08:08:32","modified_gmt":"2024-12-18T11:08:32","slug":"moradores-de-canitar-e-chavantes-se-mobilizam-contra-instalacao-de-pedagio-na-regiao","status":"publish","type":"post","link":"https:\/\/noticiasregionais.com.br\/?p=3867","title":{"rendered":"Moradores de Canitar e Chavantes se mobilizam contra instala\u00e7\u00e3o de ped\u00e1gio na regi\u00e3o"},"content":{"rendered":"\n<p>A proposta de instala\u00e7\u00e3o de um ped\u00e1gio no trecho de 8 km entre Canitar e Chavantes tem causado forte rea\u00e7\u00e3o entre a popula\u00e7\u00e3o e lideran\u00e7as locais. O presidente do Solidariedade de Canitar, Jailton Ferreira, est\u00e1 \u00e0 frente de um movimento que busca impedir a medida, alertando para os impactos negativos que o projeto trar\u00e1 para trabalhadores, comerciantes e pacientes que utilizam a rota diariamente.<br>A regi\u00e3o depende fortemente do deslocamento para Ourinhos, considerada um polo regional que abriga o \u00fanico Ambulat\u00f3rio M\u00e9dico de Especialidades (AME) da regi\u00e3o, al\u00e9m de hospitais, cl\u00ednicas e centros de sa\u00fade essenciais para a popula\u00e7\u00e3o. \u201cEsse ped\u00e1gio ser\u00e1 uma barreira para quem busca tratamento m\u00e9dico, trabalha ou realiza atividades econ\u00f4micas. Quem mais ser\u00e1 afetado s\u00e3o os mais pobres, que n\u00e3o t\u00eam alternativa vi\u00e1vel de deslocamento\u201d, destacou Jailton Ferreira.<br>Al\u00e9m dos impactos no acesso \u00e0 sa\u00fade, os trabalhadores rurais tamb\u00e9m ser\u00e3o prejudicados, j\u00e1 que utilizam a via diariamente para deslocamentos profissionais. \u201cImpor uma cobran\u00e7a nesse trecho curto \u00e9 um verdadeiro desrespeito com os moradores de Canitar, Chavantes e Irap\u00e9, que dependem dessa rota para sobreviver\u201d, completou.<br>Mobiliza\u00e7\u00e3o popular e jur\u00eddica<br>O movimento contra o ped\u00e1gio tem ganhado for\u00e7a. Jailton Ferreira anunciou que ser\u00e3o tomadas medidas jur\u00eddicas e pol\u00edticas para barrar o projeto. Entre as a\u00e7\u00f5es em estudo est\u00e3o:<br>\u2022 A\u00e7\u00e3o Popular,<br>\u2022 Mandado de Seguran\u00e7a Coletivo,<br>\u2022 Abaixo-assinado como base para uma A\u00e7\u00e3o Civil P\u00fablica,<br>\u2022 Al\u00e9m de buscar o apoio do Minist\u00e9rio P\u00fablico para impedir o avan\u00e7o da medida.<br>\u201cVamos mobilizar a sociedade, os deputados da regi\u00e3o e, se necess\u00e1rio, at\u00e9 o governador. N\u00e3o podemos aceitar que uma medida dessas seja imposta, prejudicando tantas pessoas. \u00c9 um esc\u00e2ndalo. Em 2026, teremos elei\u00e7\u00f5es para governador e deputados, e vamos cobrar quem realmente est\u00e1 do lado do povo\u201d, refor\u00e7ou Jailton.<br>O movimento j\u00e1 iniciou o di\u00e1logo com lideran\u00e7as pol\u00edticas e sociais da regi\u00e3o, enquanto organiza mobiliza\u00e7\u00f5es e reuni\u00f5es com a popula\u00e7\u00e3o.<br>A expectativa \u00e9 que a sociedade civil participe ativamente na luta contra o ped\u00e1gio, considerado injusto e abusivo pelas lideran\u00e7as locais.<\/p>\n<input type=\"hidden\" id=\"baseurl\" value=\"https:\/\/noticiasregionais.com.br\"><input type=\"hidden\" id=\"audio_nonce\" value=\"533fbb67b1\">","protected":false},"excerpt":{"rendered":"<p>A proposta de instala\u00e7\u00e3o de um ped\u00e1gio no trecho de 8 km entre Canitar e Chavantes tem causado forte rea\u00e7\u00e3o&hellip;<\/p>\n","protected":false},"author":1,"featured_media":3868,"comment_status":"closed","ping_status":"open","sticky":false,"template":"","format":"standard","meta":{"sfsi_plus_gutenberg_text_before_share":"","sfsi_plus_gutenberg_show_text_before_share":"","sfsi_plus_gutenberg_icon_type":"","sfsi_plus_gutenberg_icon_alignemt":"","sfsi_plus_gutenburg_max_per_row":"","footnotes":""},"categories":[1,12,6],"tags":[],"class_list":["post-3867","post","type-post","status-publish","format-standard","has-post-thumbnail","hentry","category-noticias","category-capa","category-sao_paulo"],"_links":{"self":[{"href":"https:\/\/noticiasregionais.com.br\/index.php?rest_route=\/wp\/v2\/posts\/3867","targetHints":{"allow":["GET"]}}],"collection":[{"href":"https:\/\/noticiasregionais.com.br\/index.php?rest_route=\/wp\/v2\/posts"}],"about":[{"href":"https:\/\/noticiasregionais.com.br\/index.php?rest_route=\/wp\/v2\/types\/post"}],"author":[{"embeddable":true,"href":"https:\/\/noticiasregionais.com.br\/index.php?rest_route=\/wp\/v2\/users\/1"}],"replies":[{"embeddable":true,"href":"https:\/\/noticiasregionais.com.br\/index.php?rest_route=%2Fwp%2Fv2%2Fcomments&post=3867"}],"version-history":[{"count":1,"href":"https:\/\/noticiasregionais.com.br\/index.php?rest_route=\/wp\/v2\/posts\/3867\/revisions"}],"predecessor-version":[{"id":3869,"href":"https:\/\/noticiasregionais.com.br\/index.php?rest_route=\/wp\/v2\/posts\/3867\/revisions\/3869"}],"wp:featuredmedia":[{"embeddable":true,"href":"https:\/\/noticiasregionais.com.br\/index.php?rest_route=\/wp\/v2\/media\/3868"}],"wp:attachment":[{"href":"https:\/\/noticiasregionais.com.br\/index.php?rest_route=%2Fwp%2Fv2%2Fmedia&parent=3867"}],"wp:term":[{"taxonomy":"category","embeddable":true,"href":"https:\/\/noticiasregionais.com.br\/index.php?rest_route=%2Fwp%2Fv2%2Fcategories&post=3867"},{"taxonomy":"post_tag","embeddable":true,"href":"https:\/\/noticiasregionais.com.br\/index.php?rest_route=%2Fwp%2Fv2%2Ftags&post=3867"}],"curies":[{"name":"wp","href":"https:\/\/api.w.org\/{rel}","templated":true}]}}