{"id":3870,"date":"2024-12-16T07:33:51","date_gmt":"2024-12-16T10:33:51","guid":{"rendered":"https:\/\/noticiasregionais.com.br\/?p=3870"},"modified":"2024-12-18T08:07:46","modified_gmt":"2024-12-18T11:07:46","slug":"policial-militar-e-sua-fiel-companheira-levam-alegria-a-idosos-em-asilo-de-ourinhos","status":"publish","type":"post","link":"https:\/\/noticiasregionais.com.br\/?p=3870","title":{"rendered":"Policial Militar e sua fiel companheira levam alegria a idosos em asilo de Ourinhos"},"content":{"rendered":"\n<p>Em uma a\u00e7\u00e3o emocionante que demonstra o lado humano da Pol\u00edcia Militar, o Cabo Giroldo, integrante da Equipe K9 de Canil do 13\u00ba BAEP, e sua parceira de longas jornadas, a cadela policial Lu\u00e1h (agora aposentada), visitaram o Asilo Lar Santa Tereza Jornet em Ourinhos. A visita, realizada no \u00faltimo dia 07 de Dezembro de 2024, S\u00e1bado, por volta das 9h, durante o hor\u00e1rio de folga do Cabo Giroldo, proporcionou momentos de alegria e carinho aos idosos que residem na institui\u00e7\u00e3o.<\/p>\n\n\n\n<p>Acompanhados de Lu\u00e1h, uma fiel companheira que j\u00e1 se aposentou das atividades policiais, o Cabo Giroldo interagiu com os idosos, levando sorrisos e emo\u00e7\u00e3o a todos. A presen\u00e7a do policial militar e de sua cadela proporcionou um momento de descontra\u00e7\u00e3o e afeto, mostrando que a Pol\u00edcia Militar tamb\u00e9m est\u00e1 presente para levar alegria e bem-estar \u00e0 comunidade.<\/p>\n\n\n\n<p>A iniciativa do Cabo Giroldo foi amplamente elogiada, demonstrando a import\u00e2ncia de a\u00e7\u00f5es que v\u00e3o al\u00e9m das atividades operacionais. A visita ao asilo \u00e9 um exemplo de como a pol\u00edcia pode estar mais pr\u00f3xima da popula\u00e7\u00e3o, promovendo a\u00e7\u00f5es sociais e fortalecendo os la\u00e7os com a comunidade.<\/p>\n\n\n\n<p>Parab\u00e9ns ao Cabo Giroldo pela iniciativa t\u00e3o nobre e por dedicar seu tempo livre para alegrar o dia de pessoas t\u00e3o especiais!<\/p>\n<input type=\"hidden\" id=\"baseurl\" value=\"https:\/\/noticiasregionais.com.br\"><input type=\"hidden\" id=\"audio_nonce\" value=\"533fbb67b1\">","protected":false},"excerpt":{"rendered":"<p>Em uma a\u00e7\u00e3o emocionante que demonstra o lado humano da Pol\u00edcia Militar, o Cabo Giroldo, integrante da Equipe K9 de&hellip;<\/p>\n","protected":false},"author":1,"featured_media":3871,"comment_status":"closed","ping_status":"open","sticky":false,"template":"","format":"standard","meta":{"sfsi_plus_gutenberg_text_before_share":"","sfsi_plus_gutenberg_show_text_before_share":"","sfsi_plus_gutenberg_icon_type":"","sfsi_plus_gutenberg_icon_alignemt":"","sfsi_plus_gutenburg_max_per_row":"","footnotes":""},"categories":[5,10,1],"tags":[],"class_list":["post-3870","post","type-post","status-publish","format-standard","has-post-thumbnail","hentry","category-ourinhos","category-destaques","category-noticias"],"_links":{"self":[{"href":"https:\/\/noticiasregionais.com.br\/index.php?rest_route=\/wp\/v2\/posts\/3870","targetHints":{"allow":["GET"]}}],"collection":[{"href":"https:\/\/noticiasregionais.com.br\/index.php?rest_route=\/wp\/v2\/posts"}],"about":[{"href":"https:\/\/noticiasregionais.com.br\/index.php?rest_route=\/wp\/v2\/types\/post"}],"author":[{"embeddable":true,"href":"https:\/\/noticiasregionais.com.br\/index.php?rest_route=\/wp\/v2\/users\/1"}],"replies":[{"embeddable":true,"href":"https:\/\/noticiasregionais.com.br\/index.php?rest_route=%2Fwp%2Fv2%2Fcomments&post=3870"}],"version-history":[{"count":1,"href":"https:\/\/noticiasregionais.com.br\/index.php?rest_route=\/wp\/v2\/posts\/3870\/revisions"}],"predecessor-version":[{"id":3872,"href":"https:\/\/noticiasregionais.com.br\/index.php?rest_route=\/wp\/v2\/posts\/3870\/revisions\/3872"}],"wp:featuredmedia":[{"embeddable":true,"href":"https:\/\/noticiasregionais.com.br\/index.php?rest_route=\/wp\/v2\/media\/3871"}],"wp:attachment":[{"href":"https:\/\/noticiasregionais.com.br\/index.php?rest_route=%2Fwp%2Fv2%2Fmedia&parent=3870"}],"wp:term":[{"taxonomy":"category","embeddable":true,"href":"https:\/\/noticiasregionais.com.br\/index.php?rest_route=%2Fwp%2Fv2%2Fcategories&post=3870"},{"taxonomy":"post_tag","embeddable":true,"href":"https:\/\/noticiasregionais.com.br\/index.php?rest_route=%2Fwp%2Fv2%2Ftags&post=3870"}],"curies":[{"name":"wp","href":"https:\/\/api.w.org\/{rel}","templated":true}]}}