{"id":3877,"date":"2024-12-18T08:17:55","date_gmt":"2024-12-18T11:17:55","guid":{"rendered":"https:\/\/noticiasregionais.com.br\/?p=3877"},"modified":"2024-12-18T08:17:57","modified_gmt":"2024-12-18T11:17:57","slug":"senado-deve-aprovar-nesta-quarta-banimento-de-celular-nas-escolas","status":"publish","type":"post","link":"https:\/\/noticiasregionais.com.br\/?p=3877","title":{"rendered":"Senado deve aprovar nesta quarta banimento de celular nas escolas"},"content":{"rendered":"\n<p>O banimento dos celulares nas escolas p\u00fablicas e privadas de todo o pa\u00eds dever\u00e1 ser aprovado nesta quarta-feira (18) pelo Senado Federal. Dessa forma, a proposta j\u00e1 seguir\u00e1 para a san\u00e7\u00e3o do presidente Lu\u00eds In\u00e1cio Lula da Silva (PT), e a expectativa \u00e9 de que j\u00e1 esteja em vigor no in\u00edcio do pr\u00f3ximo ano letivo.<\/p>\n\n\n\n<p>A proibi\u00e7\u00e3o do uso dos aparelhos e de outros dispositivos eletr\u00f4nicos m\u00f3veis \u00e9 v\u00e1lida para estudantes em todo o ambiente escolar, tanto nas aulas quanto nos recreios, intervalos e em atividades extracurriculares. Ela foi aprovada na quarta-feira (11) pela Comiss\u00e3o de Constitui\u00e7\u00e3o e Justi\u00e7a (CCJ) da C\u00e2mara.<\/p>\n\n\n\n<p>A proposta seguiu, ent\u00e3o, ao Senado, e foi encaminhada rapidamente para que a vota\u00e7\u00e3o pudesse ocorrer ainda nesta semana, a \u00faltima antes do recesso de fim de ano.<\/p>\n\n\n\n<p>O deputado Renan Ferreirinha (PSD-RJ), que foi o relator do projeto na CCJ da C\u00e2mara e \u00e9 um dos seus maiores defensores, liderou as articula\u00e7\u00f5es para possibilitar uma tramita\u00e7\u00e3o c\u00e9lere no Senado -Ferreirinha \u00e9 tamb\u00e9m secret\u00e1rio municipal de Educa\u00e7\u00e3o do Rio de Janeiro, onde implementou o banimento de celulares em escolas que foi o pioneiro do pa\u00eds, no in\u00edcio de 2024.<\/p>\n\n\n\n<p>A articula\u00e7\u00e3o no Senado tamb\u00e9m contou com forte atua\u00e7\u00e3o do ministro da Educa\u00e7\u00e3o e senador licenciado, Camilo Santana (PT-CE).<\/p>\n\n\n\n<p>O presidente do Senado, Rodrigo Pacheco (PSD-MG), recebeu a proposta no final da tarde desta ter\u00e7a-feira (17) e tamb\u00e9m se mostrou favor\u00e1vel \u00e0 vota\u00e7\u00e3o com urg\u00eancia, para que a medida possa ser implementada logo no in\u00edcio das aulas, em 2025. O senador Alessandro Vieira (MDB-SE) foi designado como relator do projeto de lei.<\/p>\n\n\n\n<p>&#8220;Existe um movimento muito forte no Congresso, suprapartid\u00e1rio e acima das ideologias, para que a aprova\u00e7\u00e3o do banimento dos celulares nas escolas aconte\u00e7a nesta quarta (18)&#8221;, afirmou Ferreirinha \u00e0 Folha. &#8220;As \u00faltimas 72 horas foram intensas, e foi impressionante como encontramos apoio para que a lei seja logo aprovada, e as escolas se tornem um ambiente mais rico e saud\u00e1vel para as crian\u00e7as e os jovens.&#8221;<\/p>\n\n\n\n<p>Em S\u00e3o Paulo, foi sancionada uma lei de teor semelhante, que j\u00e1 come\u00e7a a valer no in\u00edcio do pr\u00f3ximo ano letivo. No caso das escolas paulistas, a legisla\u00e7\u00e3o \u00e9 mais clara sobre o armazenamento dos aparelhos: devem ser guardados de forma que os alunos n\u00e3o tenham acesso a eles, o que descarta mochilas e arm\u00e1rios individuais.<\/p>\n\n\n\n<p>No caso do projeto de lei nacional, a proibi\u00e7\u00e3o \u00e9 semelhante, mas n\u00e3o existe uma determina\u00e7\u00e3o espec\u00edfica para o armazenamento. Esse detalhe poder\u00e1 vir por meio de regulamenta\u00e7\u00e3o posterior ou, ainda, contar com legisla\u00e7\u00f5es locais -no caso de S\u00e3o Paulo, as escolas ter\u00e3o de seguir a regra do armazenamento sem acesso para o aluno.<\/p>\n\n\n\n<p>O banimento aos celulares nas escolas tem crescido no Brasil e internacionalmente, baseado em pesquisas que relacionam o uso dos smartphones a preju\u00edzos \u00e0 sa\u00fade f\u00edsica e mental de crian\u00e7as e jovens, al\u00e9m da queda do aprendizado.<br><br><sub><strong>fonte: Sampi\/Folhapress<\/strong><\/sub><\/p>\n<input type=\"hidden\" id=\"baseurl\" value=\"https:\/\/noticiasregionais.com.br\"><input type=\"hidden\" id=\"audio_nonce\" value=\"3cdc555a10\">","protected":false},"excerpt":{"rendered":"<p>O banimento dos celulares nas escolas p\u00fablicas e privadas de todo o pa\u00eds dever\u00e1 ser aprovado nesta quarta-feira (18) pelo&hellip;<\/p>\n","protected":false},"author":1,"featured_media":3878,"comment_status":"closed","ping_status":"open","sticky":false,"template":"","format":"standard","meta":{"sfsi_plus_gutenberg_text_before_share":"","sfsi_plus_gutenberg_show_text_before_share":"","sfsi_plus_gutenberg_icon_type":"","sfsi_plus_gutenberg_icon_alignemt":"","sfsi_plus_gutenburg_max_per_row":"","footnotes":""},"categories":[8,10,1],"tags":[],"class_list":["post-3877","post","type-post","status-publish","format-standard","has-post-thumbnail","hentry","category-brasil","category-destaques","category-noticias"],"_links":{"self":[{"href":"https:\/\/noticiasregionais.com.br\/index.php?rest_route=\/wp\/v2\/posts\/3877","targetHints":{"allow":["GET"]}}],"collection":[{"href":"https:\/\/noticiasregionais.com.br\/index.php?rest_route=\/wp\/v2\/posts"}],"about":[{"href":"https:\/\/noticiasregionais.com.br\/index.php?rest_route=\/wp\/v2\/types\/post"}],"author":[{"embeddable":true,"href":"https:\/\/noticiasregionais.com.br\/index.php?rest_route=\/wp\/v2\/users\/1"}],"replies":[{"embeddable":true,"href":"https:\/\/noticiasregionais.com.br\/index.php?rest_route=%2Fwp%2Fv2%2Fcomments&post=3877"}],"version-history":[{"count":1,"href":"https:\/\/noticiasregionais.com.br\/index.php?rest_route=\/wp\/v2\/posts\/3877\/revisions"}],"predecessor-version":[{"id":3879,"href":"https:\/\/noticiasregionais.com.br\/index.php?rest_route=\/wp\/v2\/posts\/3877\/revisions\/3879"}],"wp:featuredmedia":[{"embeddable":true,"href":"https:\/\/noticiasregionais.com.br\/index.php?rest_route=\/wp\/v2\/media\/3878"}],"wp:attachment":[{"href":"https:\/\/noticiasregionais.com.br\/index.php?rest_route=%2Fwp%2Fv2%2Fmedia&parent=3877"}],"wp:term":[{"taxonomy":"category","embeddable":true,"href":"https:\/\/noticiasregionais.com.br\/index.php?rest_route=%2Fwp%2Fv2%2Fcategories&post=3877"},{"taxonomy":"post_tag","embeddable":true,"href":"https:\/\/noticiasregionais.com.br\/index.php?rest_route=%2Fwp%2Fv2%2Ftags&post=3877"}],"curies":[{"name":"wp","href":"https:\/\/api.w.org\/{rel}","templated":true}]}}