{"id":3884,"date":"2025-01-02T08:13:20","date_gmt":"2025-01-02T11:13:20","guid":{"rendered":"https:\/\/noticiasregionais.com.br\/?p=3884"},"modified":"2025-01-02T08:13:32","modified_gmt":"2025-01-02T11:13:32","slug":"incendio-em-caminhao-carregado-de-abacaxis-mobiliza-br-153-em-ocaucu","status":"publish","type":"post","link":"https:\/\/noticiasregionais.com.br\/?p=3884","title":{"rendered":"Inc\u00eandio em caminh\u00e3o carregado de abacaxis mobiliza BR-153 em Ocau\u00e7u"},"content":{"rendered":"\n<h4 class=\"wp-block-heading has-text-align-center\">Princ\u00edpio de fogo foi causado pelo estouro de um pneu, mas foi controlado com a ajuda de caminhoneiros; ningu\u00e9m se feriu.<\/h4>\n\n\n\n<p>Um caminh\u00e3o carregado de abacaxis foi alvo de um princ\u00edpio de inc\u00eandio na BR-153, em Ocau\u00e7u, na manh\u00e3 do dia 1\u00ba de janeiro. O incidente chamou a aten\u00e7\u00e3o de motoristas que passavam pela rodovia, um dos quais alertou prontamente a Pol\u00edcia Rodovi\u00e1ria Federal (PRF) e a concession\u00e1ria Transbrasiliana. Ambas as equipes se dirigiram rapidamente ao local para prestar aux\u00edlio.<\/p>\n\n\n\n<p>Apesar do susto, o inc\u00eandio foi controlado antes de causar maiores danos. O pr\u00f3prio motorista do caminh\u00e3o, com a colabora\u00e7\u00e3o de outros caminhoneiros que trafegavam pela via, utilizou extintores para apagar as chamas. Felizmente, ningu\u00e9m ficou ferido.<\/p>\n\n\n\n<p>De acordo com informa\u00e7\u00f5es preliminares, o inc\u00eandio come\u00e7ou ap\u00f3s o estouro de um dos pneus do caminh\u00e3o. O pneu rompido se enroscou na roda, gerando atrito e provocando o in\u00edcio das chamas.<\/p>\n\n\n\n<p>O caso refor\u00e7a a import\u00e2ncia da manuten\u00e7\u00e3o preventiva em ve\u00edculos de carga e da solidariedade entre os profissionais das estradas, que foram essenciais para evitar uma trag\u00e9dia maior.<\/p>\n<input type=\"hidden\" id=\"baseurl\" value=\"https:\/\/noticiasregionais.com.br\"><input type=\"hidden\" id=\"audio_nonce\" value=\"533fbb67b1\">","protected":false},"excerpt":{"rendered":"<p>Princ\u00edpio de fogo foi causado pelo estouro de um pneu, mas foi controlado com a ajuda de caminhoneiros; ningu\u00e9m se&hellip;<\/p>\n","protected":false},"author":1,"featured_media":3885,"comment_status":"closed","ping_status":"open","sticky":false,"template":"","format":"standard","meta":{"sfsi_plus_gutenberg_text_before_share":"","sfsi_plus_gutenberg_show_text_before_share":"","sfsi_plus_gutenberg_icon_type":"","sfsi_plus_gutenberg_icon_alignemt":"","sfsi_plus_gutenburg_max_per_row":"","footnotes":""},"categories":[6,10,1],"tags":[],"class_list":["post-3884","post","type-post","status-publish","format-standard","has-post-thumbnail","hentry","category-sao_paulo","category-destaques","category-noticias"],"_links":{"self":[{"href":"https:\/\/noticiasregionais.com.br\/index.php?rest_route=\/wp\/v2\/posts\/3884","targetHints":{"allow":["GET"]}}],"collection":[{"href":"https:\/\/noticiasregionais.com.br\/index.php?rest_route=\/wp\/v2\/posts"}],"about":[{"href":"https:\/\/noticiasregionais.com.br\/index.php?rest_route=\/wp\/v2\/types\/post"}],"author":[{"embeddable":true,"href":"https:\/\/noticiasregionais.com.br\/index.php?rest_route=\/wp\/v2\/users\/1"}],"replies":[{"embeddable":true,"href":"https:\/\/noticiasregionais.com.br\/index.php?rest_route=%2Fwp%2Fv2%2Fcomments&post=3884"}],"version-history":[{"count":1,"href":"https:\/\/noticiasregionais.com.br\/index.php?rest_route=\/wp\/v2\/posts\/3884\/revisions"}],"predecessor-version":[{"id":3886,"href":"https:\/\/noticiasregionais.com.br\/index.php?rest_route=\/wp\/v2\/posts\/3884\/revisions\/3886"}],"wp:featuredmedia":[{"embeddable":true,"href":"https:\/\/noticiasregionais.com.br\/index.php?rest_route=\/wp\/v2\/media\/3885"}],"wp:attachment":[{"href":"https:\/\/noticiasregionais.com.br\/index.php?rest_route=%2Fwp%2Fv2%2Fmedia&parent=3884"}],"wp:term":[{"taxonomy":"category","embeddable":true,"href":"https:\/\/noticiasregionais.com.br\/index.php?rest_route=%2Fwp%2Fv2%2Fcategories&post=3884"},{"taxonomy":"post_tag","embeddable":true,"href":"https:\/\/noticiasregionais.com.br\/index.php?rest_route=%2Fwp%2Fv2%2Ftags&post=3884"}],"curies":[{"name":"wp","href":"https:\/\/api.w.org\/{rel}","templated":true}]}}