{"id":3887,"date":"2025-01-02T08:21:58","date_gmt":"2025-01-02T11:21:58","guid":{"rendered":"https:\/\/noticiasregionais.com.br\/?p=3887"},"modified":"2025-01-02T08:22:10","modified_gmt":"2025-01-02T11:22:10","slug":"vereador-leandro-enfermeiro-toma-posse-e-inaugura-nova-fase-para-o-partido-solidariedade-em-canitar","status":"publish","type":"post","link":"https:\/\/noticiasregionais.com.br\/?p=3887","title":{"rendered":"Vereador Leandro Enfermeiro toma posse e inaugura nova fase para o Partido Solidariedade em Canitar"},"content":{"rendered":"\n<p>O munic\u00edpio de Canitar viveu um momento hist\u00f3rico nesta semana com a posse do vereador Leandro Enfermeiro, o primeiro representante do Partido Solidariedade a assumir uma cadeira na C\u00e2mara Municipal. A ocasi\u00e3o foi marcada por discursos de compromisso com a popula\u00e7\u00e3o e promessas de um mandato voltado \u00e0 justi\u00e7a social e ao bem-estar da comunidade.<\/p>\n\n\n\n<p>O Partido Solidariedade refor\u00e7ou sua identidade como uma sigla classista, enfatizando que a conquista da cadeira no Legislativo municipal representa um marco na luta pelos direitos dos trabalhadores. A expectativa \u00e9 que o mandato de Leandro Enfermeiro seja caracterizado por a\u00e7\u00f5es que promovam transforma\u00e7\u00e3o social e desenvolvimento para a cidade.<\/p>\n\n\n\n<p>Agora, os olhos da comunidade est\u00e3o voltados para os pr\u00f3ximos passos do vereador e para como ele colocar\u00e1 em pr\u00e1tica os valores e compromissos defendidos por seu partido.<\/p>\n<input type=\"hidden\" id=\"baseurl\" value=\"https:\/\/noticiasregionais.com.br\"><input type=\"hidden\" id=\"audio_nonce\" value=\"533fbb67b1\">","protected":false},"excerpt":{"rendered":"<p>O munic\u00edpio de Canitar viveu um momento hist\u00f3rico nesta semana com a posse do vereador Leandro Enfermeiro, o primeiro representante&hellip;<\/p>\n","protected":false},"author":1,"featured_media":3888,"comment_status":"closed","ping_status":"open","sticky":false,"template":"","format":"standard","meta":{"sfsi_plus_gutenberg_text_before_share":"","sfsi_plus_gutenberg_show_text_before_share":"","sfsi_plus_gutenberg_icon_type":"","sfsi_plus_gutenberg_icon_alignemt":"","sfsi_plus_gutenburg_max_per_row":"","footnotes":""},"categories":[6,10,1],"tags":[],"class_list":["post-3887","post","type-post","status-publish","format-standard","has-post-thumbnail","hentry","category-sao_paulo","category-destaques","category-noticias"],"_links":{"self":[{"href":"https:\/\/noticiasregionais.com.br\/index.php?rest_route=\/wp\/v2\/posts\/3887","targetHints":{"allow":["GET"]}}],"collection":[{"href":"https:\/\/noticiasregionais.com.br\/index.php?rest_route=\/wp\/v2\/posts"}],"about":[{"href":"https:\/\/noticiasregionais.com.br\/index.php?rest_route=\/wp\/v2\/types\/post"}],"author":[{"embeddable":true,"href":"https:\/\/noticiasregionais.com.br\/index.php?rest_route=\/wp\/v2\/users\/1"}],"replies":[{"embeddable":true,"href":"https:\/\/noticiasregionais.com.br\/index.php?rest_route=%2Fwp%2Fv2%2Fcomments&post=3887"}],"version-history":[{"count":1,"href":"https:\/\/noticiasregionais.com.br\/index.php?rest_route=\/wp\/v2\/posts\/3887\/revisions"}],"predecessor-version":[{"id":3889,"href":"https:\/\/noticiasregionais.com.br\/index.php?rest_route=\/wp\/v2\/posts\/3887\/revisions\/3889"}],"wp:featuredmedia":[{"embeddable":true,"href":"https:\/\/noticiasregionais.com.br\/index.php?rest_route=\/wp\/v2\/media\/3888"}],"wp:attachment":[{"href":"https:\/\/noticiasregionais.com.br\/index.php?rest_route=%2Fwp%2Fv2%2Fmedia&parent=3887"}],"wp:term":[{"taxonomy":"category","embeddable":true,"href":"https:\/\/noticiasregionais.com.br\/index.php?rest_route=%2Fwp%2Fv2%2Fcategories&post=3887"},{"taxonomy":"post_tag","embeddable":true,"href":"https:\/\/noticiasregionais.com.br\/index.php?rest_route=%2Fwp%2Fv2%2Ftags&post=3887"}],"curies":[{"name":"wp","href":"https:\/\/api.w.org\/{rel}","templated":true}]}}