{"id":3890,"date":"2025-01-02T08:30:27","date_gmt":"2025-01-02T11:30:27","guid":{"rendered":"https:\/\/noticiasregionais.com.br\/?p=3890"},"modified":"2025-01-02T08:30:39","modified_gmt":"2025-01-02T11:30:39","slug":"cicero-investigador-e-eleito-presidente-da-camara-municipal-de-ourinhos","status":"publish","type":"post","link":"https:\/\/noticiasregionais.com.br\/?p=3890","title":{"rendered":"C\u00edcero Investigador \u00e9 eleito Presidente da C\u00e2mara Municipal de Ourinhos"},"content":{"rendered":"\n<h4 class=\"wp-block-heading has-text-align-center\">O vereador C\u00edcero de Aquino, o C\u00edcero Investigador, \u00e9 o novo presidente da C\u00e2mara Municipal de Ourinhos.<\/h4>\n\n\n\n<p>A elei\u00e7\u00e3o da nova Mesa Diretora ocorreu ap\u00f3s a Solenidade de Posse. A chapa formada pelos vereadores C\u00edcero, Santiago, An\u00edsio, Sargento S\u00e9rgio e \u00c9der Mota foi eleita por 9 votos.<\/p>\n\n\n\n<p>Em seu discurso, o novo Presidente agradeceu o apoio. \u201cFico muito feliz com o apoio dos nobres pares e quero reafirmar para toda a popula\u00e7\u00e3o que podem contar com o meu mandato, com essa Mesa Diretora e, como sempre digo, trabalho pelo povo, sou da base do povo\u201d.<\/p>\n\n\n\n<p>A Mesa Diretora para o bi\u00eanio 2025-2026 ficou composta por C\u00edcero de Aquino \u201cC\u00edcero Investigador\u201d (Presidente), Santiago de Lucas Angelo (Vice-Presidente), An\u00edsio Felicetti (1\u00ba Secret\u00e1rio), M\u00e1rio S\u00e9rgio Pazianoto (Sargento S\u00e9rgio) 2\u00ba Secretr\u00e1rio e Eder Julio Mota (3\u00ba Secret\u00e1rio).<\/p>\n\n\n\n<p>Os vereadores que compor\u00e3o a 19\u00aa Legislatura (2025-2028) s\u00e3o: Celinho Cabeleireiro (PODE), Enfermeiro Alexandre (PSD), Gil Carvalho (PL), Furna Beco da Bola (MDB), Santiago (CID), Borj\u00e3o (PSD), C\u00edcero Investigador (REP), \u00c9der Mota (PSB), Vadinho (PODE), An\u00edsio Felicetti (PSB), Raquel Spada (PSD), Kita (MDB), Jo\u00e3o Gon\u00e7alves (PP), Sargento S\u00e9rgio (MDB) e Wesley Carlos (REP).<\/p>\n<input type=\"hidden\" id=\"baseurl\" value=\"https:\/\/noticiasregionais.com.br\"><input type=\"hidden\" id=\"audio_nonce\" value=\"533fbb67b1\">","protected":false},"excerpt":{"rendered":"<p>O vereador C\u00edcero de Aquino, o C\u00edcero Investigador, \u00e9 o novo presidente da C\u00e2mara Municipal de Ourinhos. A elei\u00e7\u00e3o da&hellip;<\/p>\n","protected":false},"author":1,"featured_media":3891,"comment_status":"closed","ping_status":"open","sticky":false,"template":"","format":"standard","meta":{"sfsi_plus_gutenberg_text_before_share":"","sfsi_plus_gutenberg_show_text_before_share":"","sfsi_plus_gutenberg_icon_type":"","sfsi_plus_gutenberg_icon_alignemt":"","sfsi_plus_gutenburg_max_per_row":"","footnotes":""},"categories":[5,10,1],"tags":[],"class_list":["post-3890","post","type-post","status-publish","format-standard","has-post-thumbnail","hentry","category-ourinhos","category-destaques","category-noticias"],"_links":{"self":[{"href":"https:\/\/noticiasregionais.com.br\/index.php?rest_route=\/wp\/v2\/posts\/3890","targetHints":{"allow":["GET"]}}],"collection":[{"href":"https:\/\/noticiasregionais.com.br\/index.php?rest_route=\/wp\/v2\/posts"}],"about":[{"href":"https:\/\/noticiasregionais.com.br\/index.php?rest_route=\/wp\/v2\/types\/post"}],"author":[{"embeddable":true,"href":"https:\/\/noticiasregionais.com.br\/index.php?rest_route=\/wp\/v2\/users\/1"}],"replies":[{"embeddable":true,"href":"https:\/\/noticiasregionais.com.br\/index.php?rest_route=%2Fwp%2Fv2%2Fcomments&post=3890"}],"version-history":[{"count":1,"href":"https:\/\/noticiasregionais.com.br\/index.php?rest_route=\/wp\/v2\/posts\/3890\/revisions"}],"predecessor-version":[{"id":3892,"href":"https:\/\/noticiasregionais.com.br\/index.php?rest_route=\/wp\/v2\/posts\/3890\/revisions\/3892"}],"wp:featuredmedia":[{"embeddable":true,"href":"https:\/\/noticiasregionais.com.br\/index.php?rest_route=\/wp\/v2\/media\/3891"}],"wp:attachment":[{"href":"https:\/\/noticiasregionais.com.br\/index.php?rest_route=%2Fwp%2Fv2%2Fmedia&parent=3890"}],"wp:term":[{"taxonomy":"category","embeddable":true,"href":"https:\/\/noticiasregionais.com.br\/index.php?rest_route=%2Fwp%2Fv2%2Fcategories&post=3890"},{"taxonomy":"post_tag","embeddable":true,"href":"https:\/\/noticiasregionais.com.br\/index.php?rest_route=%2Fwp%2Fv2%2Ftags&post=3890"}],"curies":[{"name":"wp","href":"https:\/\/api.w.org\/{rel}","templated":true}]}}