{"id":3893,"date":"2025-01-02T08:51:54","date_gmt":"2025-01-02T11:51:54","guid":{"rendered":"https:\/\/noticiasregionais.com.br\/?p=3893"},"modified":"2025-01-02T08:53:21","modified_gmt":"2025-01-02T11:53:21","slug":"posse-de-guilherme-goncalves-em-ourinhos-e-marcada-por-tom-conciliador-e-promessas-de-mudancas-imediatas","status":"publish","type":"post","link":"https:\/\/noticiasregionais.com.br\/?p=3893","title":{"rendered":"Posse de Guilherme Gon\u00e7alves em Ourinhos \u00e9 marcada por tom conciliador e promessas de mudan\u00e7as imediatas"},"content":{"rendered":"\n<h4 class=\"wp-block-heading has-text-align-center\">De ex-gari a prefeito, Guilherme supera campanha desigual e inicia mandato com foco na sa\u00fade e na aproxima\u00e7\u00e3o com a popula\u00e7\u00e3o.<\/h4>\n\n\n\n<p>Na manh\u00e3 desta quarta-feira (1\u00ba), a C\u00e2mara Municipal de Ourinhos foi palco de uma cerim\u00f4nia que marcou o in\u00edcio de um novo ciclo pol\u00edtico para a cidade. O prefeito Guilherme Gon\u00e7alves, o vice-prefeito Alexandre Araujo Dauage (Alexandre Z\u00f3io), e os 15 vereadores eleitos tomaram posse em um evento transmitido pela r\u00e1dio e TV C\u00e2mara.<\/p>\n\n\n\n<p>O momento foi especialmente simb\u00f3lico para Guilherme Gon\u00e7alves, servidor p\u00fablico concursado como auxiliar de servi\u00e7os gerais, que iniciou sua trajet\u00f3ria profissional como gari. Sua hist\u00f3ria de vida, marcada pela supera\u00e7\u00e3o e proximidade com os desafios enfrentados pelos trabalhadores, foi um dos principais pilares de sua campanha eleitoral.<\/p>\n\n\n\n<h3 class=\"wp-block-heading\">Discurso conciliador e supera\u00e7\u00e3o de desafios<\/h3>\n\n\n\n<p>O discurso de posse de Guilherme chamou aten\u00e7\u00e3o pelo tom conciliador, mesmo diante das dificuldades enfrentadas durante a campanha. O novo prefeito venceu um candidato apoiado pelo agora ex-prefeito Lucas Alves da Silva, em uma disputa marcada por desigualdade e tens\u00f5es pol\u00edticas. \u201cMesmo com o peso de uma campanha desigual, o amor venceu\u201d, destacou Guilherme, referindo-se aos ataques desproporcionais que sofreu ao longo da corrida eleitoral.<\/p>\n\n\n\n<p>Apesar das adversidades, Guilherme reiterou seu compromisso de governar para todos os cidad\u00e3os, independentemente de diferen\u00e7as pol\u00edticas. Ele tamb\u00e9m garantiu respeito e di\u00e1logo com os vereadores eleitos, incluindo aqueles que adotaram posturas cr\u00edticas e agressivas durante o per\u00edodo eleitoral.<\/p>\n\n\n\n<h3 class=\"wp-block-heading\">Medidas iniciais: mudan\u00e7as na sa\u00fade<\/h3>\n\n\n\n<p>Entre as primeiras a\u00e7\u00f5es de sua gest\u00e3o, Guilherme anunciou o Plano de Sa\u00fade Emergencial, com mudan\u00e7as previstas para os primeiros 30 dias de governo. Uma das medidas principais ser\u00e1 a entrega de medicamentos diretamente na Unidade de Pronto Atendimento (UPA 24h), evitando que os pacientes precisem se deslocar at\u00e9 a Farm\u00e1cia Central. \u201cEssa mudan\u00e7a trar\u00e1 mais agilidade e conforto para quem busca atendimento m\u00e9dico\u201d, afirmou.<\/p>\n\n\n\n<p>Al\u00e9m disso, o prefeito destacou que o vice-prefeito Alexandre Z\u00f3io ter\u00e1 um papel ativo na administra\u00e7\u00e3o, contribuindo diretamente para a implementa\u00e7\u00e3o das pol\u00edticas p\u00fablicas propostas.<\/p>\n\n\n\n<h3 class=\"wp-block-heading\">Compromisso com a popula\u00e7\u00e3o<\/h3>\n\n\n\n<p>Demonstrando sua inten\u00e7\u00e3o de manter um governo pr\u00f3ximo das pessoas, Guilherme anunciou que divulgar\u00e1 seu n\u00famero de telefone pessoal e realizar\u00e1 visitas \u00e0s casas para ouvir diretamente as demandas dos moradores. \u201cQuero estar onde os problemas acontecem e entender de perto o que aflige a nossa popula\u00e7\u00e3o. Nosso governo ser\u00e1 participativo e humano\u201d, prometeu.<\/p>\n\n\n\n<p>Com a posse de Guilherme Gon\u00e7alves, Ourinhos inicia um novo cap\u00edtulo pol\u00edtico, marcado pela promessa de mudan\u00e7as concretas, pela supera\u00e7\u00e3o das diferen\u00e7as e pela busca por uma administra\u00e7\u00e3o voltada \u00e0 justi\u00e7a social e ao bem-estar da comunidade.<\/p>\n\n\n\n<figure class=\"wp-block-gallery has-nested-images columns-default is-cropped wp-block-gallery-1 is-layout-flex wp-block-gallery-is-layout-flex\">\n<figure class=\"wp-block-image size-large\"><img decoding=\"async\" width=\"1024\" height=\"682\" data-id=\"3897\" src=\"https:\/\/noticiasregionais.com.br\/wp-content\/uploads\/2025\/01\/DSC00212-1024x682.jpg\" alt=\"\" class=\"wp-image-3897\" srcset=\"https:\/\/noticiasregionais.com.br\/wp-content\/uploads\/2025\/01\/DSC00212-1024x682.jpg 1024w, https:\/\/noticiasregionais.com.br\/wp-content\/uploads\/2025\/01\/DSC00212-300x200.jpg 300w, https:\/\/noticiasregionais.com.br\/wp-content\/uploads\/2025\/01\/DSC00212-768x512.jpg 768w, https:\/\/noticiasregionais.com.br\/wp-content\/uploads\/2025\/01\/DSC00212.jpg 1178w\" sizes=\"(max-width: 1024px) 100vw, 1024px\" \/><\/figure>\n\n\n\n<figure class=\"wp-block-image size-large\"><img decoding=\"async\" width=\"1024\" height=\"682\" data-id=\"3899\" src=\"https:\/\/noticiasregionais.com.br\/wp-content\/uploads\/2025\/01\/DSC09622-1024x682.jpg\" alt=\"\" class=\"wp-image-3899\" srcset=\"https:\/\/noticiasregionais.com.br\/wp-content\/uploads\/2025\/01\/DSC09622-1024x682.jpg 1024w, https:\/\/noticiasregionais.com.br\/wp-content\/uploads\/2025\/01\/DSC09622-300x200.jpg 300w, https:\/\/noticiasregionais.com.br\/wp-content\/uploads\/2025\/01\/DSC09622-768x512.jpg 768w, https:\/\/noticiasregionais.com.br\/wp-content\/uploads\/2025\/01\/DSC09622.jpg 1178w\" sizes=\"(max-width: 1024px) 100vw, 1024px\" \/><\/figure>\n\n\n\n<figure class=\"wp-block-image size-large\"><img decoding=\"async\" width=\"1024\" height=\"682\" data-id=\"3896\" src=\"https:\/\/noticiasregionais.com.br\/wp-content\/uploads\/2025\/01\/DSC09514-1024x682.jpg\" alt=\"\" class=\"wp-image-3896\" srcset=\"https:\/\/noticiasregionais.com.br\/wp-content\/uploads\/2025\/01\/DSC09514-1024x682.jpg 1024w, https:\/\/noticiasregionais.com.br\/wp-content\/uploads\/2025\/01\/DSC09514-300x200.jpg 300w, https:\/\/noticiasregionais.com.br\/wp-content\/uploads\/2025\/01\/DSC09514-768x512.jpg 768w, https:\/\/noticiasregionais.com.br\/wp-content\/uploads\/2025\/01\/DSC09514.jpg 1178w\" sizes=\"(max-width: 1024px) 100vw, 1024px\" \/><\/figure>\n\n\n\n<figure class=\"wp-block-image size-large\"><img decoding=\"async\" width=\"1024\" height=\"682\" data-id=\"3898\" src=\"https:\/\/noticiasregionais.com.br\/wp-content\/uploads\/2025\/01\/DSC09512-1024x682.jpg\" alt=\"\" class=\"wp-image-3898\" srcset=\"https:\/\/noticiasregionais.com.br\/wp-content\/uploads\/2025\/01\/DSC09512-1024x682.jpg 1024w, https:\/\/noticiasregionais.com.br\/wp-content\/uploads\/2025\/01\/DSC09512-300x200.jpg 300w, https:\/\/noticiasregionais.com.br\/wp-content\/uploads\/2025\/01\/DSC09512-768x512.jpg 768w, https:\/\/noticiasregionais.com.br\/wp-content\/uploads\/2025\/01\/DSC09512.jpg 1178w\" sizes=\"(max-width: 1024px) 100vw, 1024px\" \/><\/figure>\n\n\n\n<figure class=\"wp-block-image size-large\"><img decoding=\"async\" width=\"1024\" height=\"682\" data-id=\"3900\" src=\"https:\/\/noticiasregionais.com.br\/wp-content\/uploads\/2025\/01\/DSC09400-1024x682.jpg\" alt=\"\" class=\"wp-image-3900\" srcset=\"https:\/\/noticiasregionais.com.br\/wp-content\/uploads\/2025\/01\/DSC09400-1024x682.jpg 1024w, https:\/\/noticiasregionais.com.br\/wp-content\/uploads\/2025\/01\/DSC09400-300x200.jpg 300w, https:\/\/noticiasregionais.com.br\/wp-content\/uploads\/2025\/01\/DSC09400-768x512.jpg 768w, https:\/\/noticiasregionais.com.br\/wp-content\/uploads\/2025\/01\/DSC09400.jpg 1178w\" sizes=\"(max-width: 1024px) 100vw, 1024px\" \/><\/figure>\n\n\n\n<figure class=\"wp-block-image size-large\"><img decoding=\"async\" width=\"1024\" height=\"682\" data-id=\"3901\" src=\"https:\/\/noticiasregionais.com.br\/wp-content\/uploads\/2025\/01\/DSC09397-1024x682.jpg\" alt=\"\" class=\"wp-image-3901\" srcset=\"https:\/\/noticiasregionais.com.br\/wp-content\/uploads\/2025\/01\/DSC09397-1024x682.jpg 1024w, https:\/\/noticiasregionais.com.br\/wp-content\/uploads\/2025\/01\/DSC09397-300x200.jpg 300w, https:\/\/noticiasregionais.com.br\/wp-content\/uploads\/2025\/01\/DSC09397-768x512.jpg 768w, https:\/\/noticiasregionais.com.br\/wp-content\/uploads\/2025\/01\/DSC09397.jpg 1178w\" sizes=\"(max-width: 1024px) 100vw, 1024px\" \/><\/figure>\n\n\n\n<figure class=\"wp-block-image size-large\"><img decoding=\"async\" width=\"1024\" height=\"682\" data-id=\"3895\" src=\"https:\/\/noticiasregionais.com.br\/wp-content\/uploads\/2025\/01\/DSC09545-1024x682.jpg\" alt=\"\" class=\"wp-image-3895\" srcset=\"https:\/\/noticiasregionais.com.br\/wp-content\/uploads\/2025\/01\/DSC09545-1024x682.jpg 1024w, https:\/\/noticiasregionais.com.br\/wp-content\/uploads\/2025\/01\/DSC09545-300x200.jpg 300w, https:\/\/noticiasregionais.com.br\/wp-content\/uploads\/2025\/01\/DSC09545-768x512.jpg 768w, https:\/\/noticiasregionais.com.br\/wp-content\/uploads\/2025\/01\/DSC09545.jpg 1178w\" sizes=\"(max-width: 1024px) 100vw, 1024px\" \/><\/figure>\n<\/figure>\n<input type=\"hidden\" id=\"baseurl\" value=\"https:\/\/noticiasregionais.com.br\"><input type=\"hidden\" id=\"audio_nonce\" value=\"3cdc555a10\">","protected":false},"excerpt":{"rendered":"<p>De ex-gari a prefeito, Guilherme supera campanha desigual e inicia mandato com foco na sa\u00fade e na aproxima\u00e7\u00e3o com a&hellip;<\/p>\n","protected":false},"author":1,"featured_media":3894,"comment_status":"closed","ping_status":"open","sticky":false,"template":"","format":"standard","meta":{"sfsi_plus_gutenberg_text_before_share":"","sfsi_plus_gutenberg_show_text_before_share":"","sfsi_plus_gutenberg_icon_type":"","sfsi_plus_gutenberg_icon_alignemt":"","sfsi_plus_gutenburg_max_per_row":"","footnotes":""},"categories":[5,12,1],"tags":[],"class_list":["post-3893","post","type-post","status-publish","format-standard","has-post-thumbnail","hentry","category-ourinhos","category-capa","category-noticias"],"_links":{"self":[{"href":"https:\/\/noticiasregionais.com.br\/index.php?rest_route=\/wp\/v2\/posts\/3893","targetHints":{"allow":["GET"]}}],"collection":[{"href":"https:\/\/noticiasregionais.com.br\/index.php?rest_route=\/wp\/v2\/posts"}],"about":[{"href":"https:\/\/noticiasregionais.com.br\/index.php?rest_route=\/wp\/v2\/types\/post"}],"author":[{"embeddable":true,"href":"https:\/\/noticiasregionais.com.br\/index.php?rest_route=\/wp\/v2\/users\/1"}],"replies":[{"embeddable":true,"href":"https:\/\/noticiasregionais.com.br\/index.php?rest_route=%2Fwp%2Fv2%2Fcomments&post=3893"}],"version-history":[{"count":1,"href":"https:\/\/noticiasregionais.com.br\/index.php?rest_route=\/wp\/v2\/posts\/3893\/revisions"}],"predecessor-version":[{"id":3902,"href":"https:\/\/noticiasregionais.com.br\/index.php?rest_route=\/wp\/v2\/posts\/3893\/revisions\/3902"}],"wp:featuredmedia":[{"embeddable":true,"href":"https:\/\/noticiasregionais.com.br\/index.php?rest_route=\/wp\/v2\/media\/3894"}],"wp:attachment":[{"href":"https:\/\/noticiasregionais.com.br\/index.php?rest_route=%2Fwp%2Fv2%2Fmedia&parent=3893"}],"wp:term":[{"taxonomy":"category","embeddable":true,"href":"https:\/\/noticiasregionais.com.br\/index.php?rest_route=%2Fwp%2Fv2%2Fcategories&post=3893"},{"taxonomy":"post_tag","embeddable":true,"href":"https:\/\/noticiasregionais.com.br\/index.php?rest_route=%2Fwp%2Fv2%2Ftags&post=3893"}],"curies":[{"name":"wp","href":"https:\/\/api.w.org\/{rel}","templated":true}]}}