{"id":3903,"date":"2025-01-02T11:49:37","date_gmt":"2025-01-02T14:49:37","guid":{"rendered":"https:\/\/noticiasregionais.com.br\/?p=3903"},"modified":"2025-01-02T11:52:09","modified_gmt":"2025-01-02T14:52:09","slug":"prefeitura-de-ourinhos-informa-horario-especial-de-atendimento-em-unidades-basicas-de-saude-e-farmacia-central-nos-dias-2-e-3-de-janeiro","status":"publish","type":"post","link":"https:\/\/noticiasregionais.com.br\/?p=3903","title":{"rendered":"Prefeitura de Ourinhos informa hor\u00e1rio especial de atendimento em Unidades B\u00e1sicas de Sa\u00fade e Farm\u00e1cia Central nos dias 2 e 3 de janeiro"},"content":{"rendered":"\n<p><\/p>\n\n\n\n<p>A Prefeitura de Ourinhos informa \u00e0 popula\u00e7\u00e3o que, nos dias 2 e 3 de janeiro, algumas Unidades B\u00e1sicas de Sa\u00fade (UBSs) e a Farm\u00e1cia Central ter\u00e3o hor\u00e1rios especiais de funcionamento. O objetivo \u00e9 garantir o atendimento necess\u00e1rio \u00e0 popula\u00e7\u00e3o durante este per\u00edodo.<\/p>\n\n\n\n<p>As UBSs que estar\u00e3o abertas das 7h \u00e0s 17h s\u00e3o:<br \/>\u2022 ESF Jardim Fl\u00f3rida<br \/>\u2022 UBS Regi\u00e3o Oeste<br \/>\u2022 UBS Guapor\u00e9<\/p>\n\n\n\n<p>Al\u00e9m disso, a Farm\u00e1cia Central tamb\u00e9m estar\u00e1 funcionando das 7h \u00e0s 13h nos mesmos dias, para atender \u00e0s demandas de medica\u00e7\u00e3o e outros servi\u00e7os farmac\u00eauticos.<\/p>\n\n\n\n<p>Para mais informa\u00e7\u00f5es ou esclarecimento de d\u00favidas, os mun\u00edcipes podem entrar em contato pelo telefone (14) 3302-6100.<\/p>\n\n\n\n<figure class=\"wp-block-image size-large\"><img decoding=\"async\" width=\"1024\" height=\"1024\" src=\"https:\/\/noticiasregionais.com.br\/wp-content\/uploads\/2025\/01\/img-20250102-wa00024764250807319549303-1024x1024.jpg\" alt=\"\" class=\"wp-image-3905\" srcset=\"https:\/\/noticiasregionais.com.br\/wp-content\/uploads\/2025\/01\/img-20250102-wa00024764250807319549303-1024x1024.jpg 1024w, https:\/\/noticiasregionais.com.br\/wp-content\/uploads\/2025\/01\/img-20250102-wa00024764250807319549303-300x300.jpg 300w, https:\/\/noticiasregionais.com.br\/wp-content\/uploads\/2025\/01\/img-20250102-wa00024764250807319549303-150x150.jpg 150w, https:\/\/noticiasregionais.com.br\/wp-content\/uploads\/2025\/01\/img-20250102-wa00024764250807319549303-768x768.jpg 768w, https:\/\/noticiasregionais.com.br\/wp-content\/uploads\/2025\/01\/img-20250102-wa00024764250807319549303.jpg 1080w\" sizes=\"(max-width: 1024px) 100vw, 1024px\" \/><\/figure>\n<input type=\"hidden\" id=\"baseurl\" value=\"https:\/\/noticiasregionais.com.br\"><input type=\"hidden\" id=\"audio_nonce\" value=\"51537c5ade\">","protected":false},"excerpt":{"rendered":"<p>A Prefeitura de Ourinhos informa \u00e0 popula\u00e7\u00e3o que, nos dias 2 e 3 de janeiro, algumas Unidades B\u00e1sicas de Sa\u00fade&hellip;<\/p>\n","protected":false},"author":1,"featured_media":3906,"comment_status":"closed","ping_status":"open","sticky":false,"template":"","format":"standard","meta":{"sfsi_plus_gutenberg_text_before_share":"","sfsi_plus_gutenberg_show_text_before_share":"","sfsi_plus_gutenberg_icon_type":"","sfsi_plus_gutenberg_icon_alignemt":"","sfsi_plus_gutenburg_max_per_row":"","footnotes":""},"categories":[10,1,5],"tags":[],"class_list":["post-3903","post","type-post","status-publish","format-standard","has-post-thumbnail","hentry","category-destaques","category-noticias","category-ourinhos"],"_links":{"self":[{"href":"https:\/\/noticiasregionais.com.br\/index.php?rest_route=\/wp\/v2\/posts\/3903","targetHints":{"allow":["GET"]}}],"collection":[{"href":"https:\/\/noticiasregionais.com.br\/index.php?rest_route=\/wp\/v2\/posts"}],"about":[{"href":"https:\/\/noticiasregionais.com.br\/index.php?rest_route=\/wp\/v2\/types\/post"}],"author":[{"embeddable":true,"href":"https:\/\/noticiasregionais.com.br\/index.php?rest_route=\/wp\/v2\/users\/1"}],"replies":[{"embeddable":true,"href":"https:\/\/noticiasregionais.com.br\/index.php?rest_route=%2Fwp%2Fv2%2Fcomments&post=3903"}],"version-history":[{"count":2,"href":"https:\/\/noticiasregionais.com.br\/index.php?rest_route=\/wp\/v2\/posts\/3903\/revisions"}],"predecessor-version":[{"id":3907,"href":"https:\/\/noticiasregionais.com.br\/index.php?rest_route=\/wp\/v2\/posts\/3903\/revisions\/3907"}],"wp:featuredmedia":[{"embeddable":true,"href":"https:\/\/noticiasregionais.com.br\/index.php?rest_route=\/wp\/v2\/media\/3906"}],"wp:attachment":[{"href":"https:\/\/noticiasregionais.com.br\/index.php?rest_route=%2Fwp%2Fv2%2Fmedia&parent=3903"}],"wp:term":[{"taxonomy":"category","embeddable":true,"href":"https:\/\/noticiasregionais.com.br\/index.php?rest_route=%2Fwp%2Fv2%2Fcategories&post=3903"},{"taxonomy":"post_tag","embeddable":true,"href":"https:\/\/noticiasregionais.com.br\/index.php?rest_route=%2Fwp%2Fv2%2Ftags&post=3903"}],"curies":[{"name":"wp","href":"https:\/\/api.w.org\/{rel}","templated":true}]}}