{"id":3912,"date":"2025-01-05T10:49:40","date_gmt":"2025-01-05T13:49:40","guid":{"rendered":"https:\/\/noticiasregionais.com.br\/?p=3912"},"modified":"2025-01-05T11:33:03","modified_gmt":"2025-01-05T14:33:03","slug":"loja-maconica-zenite-realiza-importante-doacao-para-a-campanha-natal-iluminado-da-policia-rodoviaria","status":"publish","type":"post","link":"https:\/\/noticiasregionais.com.br\/?p=3912","title":{"rendered":"Loja Ma\u00e7\u00f4nica Z\u00eanite realiza importante doa\u00e7\u00e3o para a Campanha Natal Iluminado da Policia Rodovi\u00e1ria"},"content":{"rendered":"\n<p>No \u00faltimo s\u00e1bado, 4 de janeiro de 2025, a Loja Ma\u00e7\u00f4nica Z\u00eanite, de Mar\u00edlia-SP, realizou uma significativa contribui\u00e7\u00e3o para a Campanha Natal Iluminado do Policiamento Rodovi\u00e1rio. Foram entregues 3.402 fraldas na Base Operacional de Policiamento Rodovi\u00e1rio de Mar\u00edlia, em um gesto que refor\u00e7a a solidariedade e o compromisso social da entidade.<\/p>\n\n\n\n<p>A entrega foi acompanhada pelo presidente da loja, Sr. H\u00e9lio, que esteve presente ao lado de outros membros da institui\u00e7\u00e3o. A a\u00e7\u00e3o destaca a parceria entre a sociedade civil organizada e a Pol\u00edcia Militar, evidenciando que a uni\u00e3o de esfor\u00e7os pode gerar impactos positivos para as comunidades locais.<\/p>\n\n\n\n<h3 class=\"wp-block-heading\">Sobre a Campanha Natal Iluminado<\/h3>\n\n\n\n<p>A Campanha Natal Iluminado, promovida pelo Policiamento Rodovi\u00e1rio desde 2016, tem como objetivo arrecadar fraldas para lares de idosos, ao mesmo tempo em que aproxima a Pol\u00edcia Militar da sociedade. Este ano, a iniciativa, que teve in\u00edcio em 6 de dezembro de 2024, ampliou seu alcance para as bases operacionais de Ja\u00fa, Presidente Prudente e Ara\u00e7atuba, al\u00e9m de Mar\u00edlia, onde tudo come\u00e7ou.<\/p>\n\n\n\n<p>Al\u00e9m da arrecada\u00e7\u00e3o de fraldas, a campanha promove visitas, conversas e registros fotogr\u00e1ficos com policiais, oferecendo \u00e0 popula\u00e7\u00e3o a oportunidade de conhecer melhor o trabalho realizado pela institui\u00e7\u00e3o.<\/p>\n\n\n\n<p>A doa\u00e7\u00e3o feita pela Loja Ma\u00e7\u00f4nica Z\u00eanite refor\u00e7a o esp\u00edrito de solidariedade que move a campanha e demonstra que, juntos, sociedade e institui\u00e7\u00f5es podem fazer a diferen\u00e7a.<\/p>\n\n\n\n<p>Com o encerramento da edi\u00e7\u00e3o deste ano previsto para hoje, 5 de janeiro de 2025, o balan\u00e7o final da campanha certamente refletir\u00e1 o impacto das doa\u00e7\u00f5es e das a\u00e7\u00f5es realizadas em prol de um Natal mais iluminado e humano.<\/p>\n\n\n\n<figure class=\"wp-block-gallery has-nested-images columns-default is-cropped wp-block-gallery-1 is-layout-flex wp-block-gallery-is-layout-flex\">\n<figure class=\"wp-block-image size-large\"><img decoding=\"async\" width=\"576\" height=\"1024\" data-id=\"3914\" src=\"https:\/\/noticiasregionais.com.br\/wp-content\/uploads\/2025\/01\/WhatsApp-Image-2025-01-04-at-19.58.38-576x1024.jpeg\" alt=\"\" class=\"wp-image-3914\" srcset=\"https:\/\/noticiasregionais.com.br\/wp-content\/uploads\/2025\/01\/WhatsApp-Image-2025-01-04-at-19.58.38-576x1024.jpeg 576w, https:\/\/noticiasregionais.com.br\/wp-content\/uploads\/2025\/01\/WhatsApp-Image-2025-01-04-at-19.58.38-169x300.jpeg 169w, https:\/\/noticiasregionais.com.br\/wp-content\/uploads\/2025\/01\/WhatsApp-Image-2025-01-04-at-19.58.38-768x1366.jpeg 768w, https:\/\/noticiasregionais.com.br\/wp-content\/uploads\/2025\/01\/WhatsApp-Image-2025-01-04-at-19.58.38-864x1536.jpeg 864w, https:\/\/noticiasregionais.com.br\/wp-content\/uploads\/2025\/01\/WhatsApp-Image-2025-01-04-at-19.58.38.jpeg 899w\" sizes=\"(max-width: 576px) 100vw, 576px\" \/><\/figure>\n\n\n\n<figure class=\"wp-block-image size-large\"><img decoding=\"async\" width=\"576\" height=\"1024\" data-id=\"3916\" src=\"https:\/\/noticiasregionais.com.br\/wp-content\/uploads\/2025\/01\/WhatsApp-Image-2025-01-04-at-19.58.381-576x1024.jpeg\" alt=\"\" class=\"wp-image-3916\" srcset=\"https:\/\/noticiasregionais.com.br\/wp-content\/uploads\/2025\/01\/WhatsApp-Image-2025-01-04-at-19.58.381-576x1024.jpeg 576w, https:\/\/noticiasregionais.com.br\/wp-content\/uploads\/2025\/01\/WhatsApp-Image-2025-01-04-at-19.58.381-169x300.jpeg 169w, https:\/\/noticiasregionais.com.br\/wp-content\/uploads\/2025\/01\/WhatsApp-Image-2025-01-04-at-19.58.381-768x1366.jpeg 768w, https:\/\/noticiasregionais.com.br\/wp-content\/uploads\/2025\/01\/WhatsApp-Image-2025-01-04-at-19.58.381-864x1536.jpeg 864w, https:\/\/noticiasregionais.com.br\/wp-content\/uploads\/2025\/01\/WhatsApp-Image-2025-01-04-at-19.58.381.jpeg 899w\" sizes=\"(max-width: 576px) 100vw, 576px\" \/><\/figure>\n\n\n\n<figure class=\"wp-block-image size-large\"><img decoding=\"async\" width=\"576\" height=\"1024\" data-id=\"3915\" src=\"https:\/\/noticiasregionais.com.br\/wp-content\/uploads\/2025\/01\/WhatsApp-Image-2025-01-04-at-19.58.39-576x1024.jpeg\" alt=\"\" class=\"wp-image-3915\" srcset=\"https:\/\/noticiasregionais.com.br\/wp-content\/uploads\/2025\/01\/WhatsApp-Image-2025-01-04-at-19.58.39-576x1024.jpeg 576w, https:\/\/noticiasregionais.com.br\/wp-content\/uploads\/2025\/01\/WhatsApp-Image-2025-01-04-at-19.58.39-169x300.jpeg 169w, https:\/\/noticiasregionais.com.br\/wp-content\/uploads\/2025\/01\/WhatsApp-Image-2025-01-04-at-19.58.39-768x1366.jpeg 768w, https:\/\/noticiasregionais.com.br\/wp-content\/uploads\/2025\/01\/WhatsApp-Image-2025-01-04-at-19.58.39-864x1536.jpeg 864w, https:\/\/noticiasregionais.com.br\/wp-content\/uploads\/2025\/01\/WhatsApp-Image-2025-01-04-at-19.58.39.jpeg 899w\" sizes=\"(max-width: 576px) 100vw, 576px\" \/><\/figure>\n\n\n\n<figure class=\"wp-block-image size-large\"><img decoding=\"async\" width=\"1024\" height=\"461\" data-id=\"3917\" src=\"https:\/\/noticiasregionais.com.br\/wp-content\/uploads\/2025\/01\/WhatsApp-Image-2025-01-04-at-19.58.391-1024x461.jpeg\" alt=\"\" class=\"wp-image-3917\" srcset=\"https:\/\/noticiasregionais.com.br\/wp-content\/uploads\/2025\/01\/WhatsApp-Image-2025-01-04-at-19.58.391-1024x461.jpeg 1024w, https:\/\/noticiasregionais.com.br\/wp-content\/uploads\/2025\/01\/WhatsApp-Image-2025-01-04-at-19.58.391-300x135.jpeg 300w, https:\/\/noticiasregionais.com.br\/wp-content\/uploads\/2025\/01\/WhatsApp-Image-2025-01-04-at-19.58.391-768x346.jpeg 768w, https:\/\/noticiasregionais.com.br\/wp-content\/uploads\/2025\/01\/WhatsApp-Image-2025-01-04-at-19.58.391-1536x691.jpeg 1536w, https:\/\/noticiasregionais.com.br\/wp-content\/uploads\/2025\/01\/WhatsApp-Image-2025-01-04-at-19.58.391.jpeg 1600w\" sizes=\"(max-width: 1024px) 100vw, 1024px\" \/><\/figure>\n<\/figure>\n<input type=\"hidden\" id=\"baseurl\" value=\"https:\/\/noticiasregionais.com.br\"><input type=\"hidden\" id=\"audio_nonce\" value=\"533fbb67b1\">","protected":false},"excerpt":{"rendered":"<p>No \u00faltimo s\u00e1bado, 4 de janeiro de 2025, a Loja Ma\u00e7\u00f4nica Z\u00eanite, de Mar\u00edlia-SP, realizou uma significativa contribui\u00e7\u00e3o para a&hellip;<\/p>\n","protected":false},"author":1,"featured_media":3913,"comment_status":"closed","ping_status":"open","sticky":false,"template":"","format":"standard","meta":{"sfsi_plus_gutenberg_text_before_share":"","sfsi_plus_gutenberg_show_text_before_share":"","sfsi_plus_gutenberg_icon_type":"","sfsi_plus_gutenberg_icon_alignemt":"","sfsi_plus_gutenburg_max_per_row":"","footnotes":""},"categories":[6,10,1],"tags":[],"class_list":["post-3912","post","type-post","status-publish","format-standard","has-post-thumbnail","hentry","category-sao_paulo","category-destaques","category-noticias"],"_links":{"self":[{"href":"https:\/\/noticiasregionais.com.br\/index.php?rest_route=\/wp\/v2\/posts\/3912","targetHints":{"allow":["GET"]}}],"collection":[{"href":"https:\/\/noticiasregionais.com.br\/index.php?rest_route=\/wp\/v2\/posts"}],"about":[{"href":"https:\/\/noticiasregionais.com.br\/index.php?rest_route=\/wp\/v2\/types\/post"}],"author":[{"embeddable":true,"href":"https:\/\/noticiasregionais.com.br\/index.php?rest_route=\/wp\/v2\/users\/1"}],"replies":[{"embeddable":true,"href":"https:\/\/noticiasregionais.com.br\/index.php?rest_route=%2Fwp%2Fv2%2Fcomments&post=3912"}],"version-history":[{"count":2,"href":"https:\/\/noticiasregionais.com.br\/index.php?rest_route=\/wp\/v2\/posts\/3912\/revisions"}],"predecessor-version":[{"id":3919,"href":"https:\/\/noticiasregionais.com.br\/index.php?rest_route=\/wp\/v2\/posts\/3912\/revisions\/3919"}],"wp:featuredmedia":[{"embeddable":true,"href":"https:\/\/noticiasregionais.com.br\/index.php?rest_route=\/wp\/v2\/media\/3913"}],"wp:attachment":[{"href":"https:\/\/noticiasregionais.com.br\/index.php?rest_route=%2Fwp%2Fv2%2Fmedia&parent=3912"}],"wp:term":[{"taxonomy":"category","embeddable":true,"href":"https:\/\/noticiasregionais.com.br\/index.php?rest_route=%2Fwp%2Fv2%2Fcategories&post=3912"},{"taxonomy":"post_tag","embeddable":true,"href":"https:\/\/noticiasregionais.com.br\/index.php?rest_route=%2Fwp%2Fv2%2Ftags&post=3912"}],"curies":[{"name":"wp","href":"https:\/\/api.w.org\/{rel}","templated":true}]}}