{"id":392,"date":"2023-09-15T23:07:10","date_gmt":"2023-09-16T02:07:10","guid":{"rendered":"https:\/\/noticiasregionais.com.br\/?p=392"},"modified":"2023-09-15T23:08:56","modified_gmt":"2023-09-16T02:08:56","slug":"sae-aplica-bioinseticida-em-lagoas-do-pardo-e-paranapanema","status":"publish","type":"post","link":"https:\/\/noticiasregionais.com.br\/?p=392","title":{"rendered":"SAE aplica bioinseticida em Lagoas do Pardo e Paranapanema"},"content":{"rendered":"\n<p>Na tarde de ter\u00e7a-feira (12), as lagoas de estabiliza\u00e7\u00e3o de esgoto dos Rios Pardo e Paranapanema receberam aplica\u00e7\u00e3o de bioinseticida para evitar a prolifera\u00e7\u00e3o de pernilongos. A a\u00e7\u00e3o que ocorre a cada 30 dias utiliza produto que n\u00e3o provoca danos ambientais. O bioinseticida \u00e9 composto de organismos vivos que se alimentam das larvas dos pernilongos. Servidores da SAE tamb\u00e9m promoveram nas lagoas de estabiliza\u00e7\u00e3o a retirada dos aguap\u00e9s, plantas que formam um \u201ctapete verde\u201d sob a \u00e1gua dificultando o manejo na lagoa.<\/p>\n<input type=\"hidden\" id=\"baseurl\" value=\"https:\/\/noticiasregionais.com.br\"><input type=\"hidden\" id=\"audio_nonce\" value=\"533fbb67b1\">","protected":false},"excerpt":{"rendered":"<p>Na tarde de ter\u00e7a-feira (12), as lagoas de estabiliza\u00e7\u00e3o de esgoto dos Rios Pardo e Paranapanema receberam aplica\u00e7\u00e3o de bioinseticida&hellip;<\/p>\n","protected":false},"author":1,"featured_media":395,"comment_status":"closed","ping_status":"open","sticky":false,"template":"","format":"standard","meta":{"sfsi_plus_gutenberg_text_before_share":"","sfsi_plus_gutenberg_show_text_before_share":"","sfsi_plus_gutenberg_icon_type":"","sfsi_plus_gutenberg_icon_alignemt":"","sfsi_plus_gutenburg_max_per_row":"","footnotes":""},"categories":[5,10,1],"tags":[],"class_list":["post-392","post","type-post","status-publish","format-standard","has-post-thumbnail","hentry","category-ourinhos","category-destaques","category-noticias"],"_links":{"self":[{"href":"https:\/\/noticiasregionais.com.br\/index.php?rest_route=\/wp\/v2\/posts\/392","targetHints":{"allow":["GET"]}}],"collection":[{"href":"https:\/\/noticiasregionais.com.br\/index.php?rest_route=\/wp\/v2\/posts"}],"about":[{"href":"https:\/\/noticiasregionais.com.br\/index.php?rest_route=\/wp\/v2\/types\/post"}],"author":[{"embeddable":true,"href":"https:\/\/noticiasregionais.com.br\/index.php?rest_route=\/wp\/v2\/users\/1"}],"replies":[{"embeddable":true,"href":"https:\/\/noticiasregionais.com.br\/index.php?rest_route=%2Fwp%2Fv2%2Fcomments&post=392"}],"version-history":[{"count":1,"href":"https:\/\/noticiasregionais.com.br\/index.php?rest_route=\/wp\/v2\/posts\/392\/revisions"}],"predecessor-version":[{"id":394,"href":"https:\/\/noticiasregionais.com.br\/index.php?rest_route=\/wp\/v2\/posts\/392\/revisions\/394"}],"wp:featuredmedia":[{"embeddable":true,"href":"https:\/\/noticiasregionais.com.br\/index.php?rest_route=\/wp\/v2\/media\/395"}],"wp:attachment":[{"href":"https:\/\/noticiasregionais.com.br\/index.php?rest_route=%2Fwp%2Fv2%2Fmedia&parent=392"}],"wp:term":[{"taxonomy":"category","embeddable":true,"href":"https:\/\/noticiasregionais.com.br\/index.php?rest_route=%2Fwp%2Fv2%2Fcategories&post=392"},{"taxonomy":"post_tag","embeddable":true,"href":"https:\/\/noticiasregionais.com.br\/index.php?rest_route=%2Fwp%2Fv2%2Ftags&post=392"}],"curies":[{"name":"wp","href":"https:\/\/api.w.org\/{rel}","templated":true}]}}