{"id":3920,"date":"2025-01-05T11:43:08","date_gmt":"2025-01-05T14:43:08","guid":{"rendered":"https:\/\/noticiasregionais.com.br\/?p=3920"},"modified":"2025-01-05T11:43:11","modified_gmt":"2025-01-05T14:43:11","slug":"prf-apreende-2-toneladas-de-maconha-em-astorga-e-reforca-alerta-para-corredores-do-trafico-no-interior-paulista","status":"publish","type":"post","link":"https:\/\/noticiasregionais.com.br\/?p=3920","title":{"rendered":"PRF apreende 2 toneladas de maconha em Astorga e refor\u00e7a alerta para corredores do tr\u00e1fico no interior paulista"},"content":{"rendered":"\n<p>No \u00faltimo dia 3 de janeiro de 2024, a Pol\u00edcia Rodovi\u00e1ria Federal (PRF) realizou uma importante apreens\u00e3o de drogas em Astorga, Paran\u00e1. Durante uma abordagem, um caminh\u00e3o carregado com 2.242 kg de maconha escondida em caixas de legumes foi interceptado. O motorista, ao desobedecer \u00e0 ordem de parada, abandonou o ve\u00edculo em movimento e fugiu para uma planta\u00e7\u00e3o. A equipe policial evitou acidentes assumindo o controle do caminh\u00e3o.<\/p>\n\n\n\n<p>A apreens\u00e3o em Astorga refor\u00e7a a preocupa\u00e7\u00e3o com os corredores de tr\u00e1fico que conectam a regi\u00e3o sul e pa\u00edses fronteiri\u00e7os como Col\u00f4mbia, Bol\u00edvia e Paraguai aos grandes centros urbanos do Brasil, como S\u00e3o Paulo e Rio de Janeiro. Um dos principais pontos cr\u00edticos desse trajeto \u00e9 a regi\u00e3o de Ourinhos, no interior de S\u00e3o Paulo, que serve como importante eixo de passagem devido \u00e0 sua localiza\u00e7\u00e3o estrat\u00e9gica entre as rodovias BR-153, SP-270 e SP-327.<\/p>\n\n\n\n<p>Ourinhos e cidades vizinhas enfrentam um constante desafio no combate ao tr\u00e1fico de drogas, que aproveita o intenso fluxo de ve\u00edculos e a proximidade com o Paran\u00e1, uma rota frequentemente usada por traficantes. Em 2024, a PRF de Londrina, respons\u00e1vel por patrulhar o norte do Paran\u00e1, apreendeu 64,5 toneladas de maconha, evidenciando a magnitude do problema nas rodovias da regi\u00e3o.<\/p>\n\n\n\n<figure class=\"wp-block-gallery has-nested-images columns-default is-cropped wp-block-gallery-1 is-layout-flex wp-block-gallery-is-layout-flex\">\n<figure class=\"wp-block-image size-large\"><img decoding=\"async\" width=\"1024\" height=\"768\" data-id=\"3923\" src=\"https:\/\/noticiasregionais.com.br\/wp-content\/uploads\/2025\/01\/WhatsApp-Image-2025-01-03-at-19.55.31-1024x768.jpeg\" alt=\"\" class=\"wp-image-3923\" srcset=\"https:\/\/noticiasregionais.com.br\/wp-content\/uploads\/2025\/01\/WhatsApp-Image-2025-01-03-at-19.55.31-1024x768.jpeg 1024w, https:\/\/noticiasregionais.com.br\/wp-content\/uploads\/2025\/01\/WhatsApp-Image-2025-01-03-at-19.55.31-300x225.jpeg 300w, https:\/\/noticiasregionais.com.br\/wp-content\/uploads\/2025\/01\/WhatsApp-Image-2025-01-03-at-19.55.31-768x576.jpeg 768w, https:\/\/noticiasregionais.com.br\/wp-content\/uploads\/2025\/01\/WhatsApp-Image-2025-01-03-at-19.55.31.jpeg 1280w\" sizes=\"(max-width: 1024px) 100vw, 1024px\" \/><\/figure>\n\n\n\n<figure class=\"wp-block-image size-large\"><img decoding=\"async\" width=\"768\" height=\"1024\" data-id=\"3922\" src=\"https:\/\/noticiasregionais.com.br\/wp-content\/uploads\/2025\/01\/WhatsApp-Image-2025-01-03-at-19.55.32-768x1024.jpeg\" alt=\"\" class=\"wp-image-3922\" srcset=\"https:\/\/noticiasregionais.com.br\/wp-content\/uploads\/2025\/01\/WhatsApp-Image-2025-01-03-at-19.55.32-768x1024.jpeg 768w, https:\/\/noticiasregionais.com.br\/wp-content\/uploads\/2025\/01\/WhatsApp-Image-2025-01-03-at-19.55.32-225x300.jpeg 225w, https:\/\/noticiasregionais.com.br\/wp-content\/uploads\/2025\/01\/WhatsApp-Image-2025-01-03-at-19.55.32.jpeg 960w\" sizes=\"(max-width: 768px) 100vw, 768px\" \/><\/figure>\n\n\n\n<figure class=\"wp-block-image size-large\"><img decoding=\"async\" width=\"576\" height=\"1024\" data-id=\"3924\" src=\"https:\/\/noticiasregionais.com.br\/wp-content\/uploads\/2025\/01\/WhatsApp-Image-2025-01-03-at-19.55.30-576x1024.jpeg\" alt=\"\" class=\"wp-image-3924\" srcset=\"https:\/\/noticiasregionais.com.br\/wp-content\/uploads\/2025\/01\/WhatsApp-Image-2025-01-03-at-19.55.30-576x1024.jpeg 576w, https:\/\/noticiasregionais.com.br\/wp-content\/uploads\/2025\/01\/WhatsApp-Image-2025-01-03-at-19.55.30-169x300.jpeg 169w, https:\/\/noticiasregionais.com.br\/wp-content\/uploads\/2025\/01\/WhatsApp-Image-2025-01-03-at-19.55.30.jpeg 720w\" sizes=\"(max-width: 576px) 100vw, 576px\" \/><\/figure>\n<\/figure>\n<input type=\"hidden\" id=\"baseurl\" value=\"https:\/\/noticiasregionais.com.br\"><input type=\"hidden\" id=\"audio_nonce\" value=\"533fbb67b1\">","protected":false},"excerpt":{"rendered":"<p>No \u00faltimo dia 3 de janeiro de 2024, a Pol\u00edcia Rodovi\u00e1ria Federal (PRF) realizou uma importante apreens\u00e3o de drogas em&hellip;<\/p>\n","protected":false},"author":1,"featured_media":3921,"comment_status":"closed","ping_status":"open","sticky":false,"template":"","format":"standard","meta":{"sfsi_plus_gutenberg_text_before_share":"","sfsi_plus_gutenberg_show_text_before_share":"","sfsi_plus_gutenberg_icon_type":"","sfsi_plus_gutenberg_icon_alignemt":"","sfsi_plus_gutenburg_max_per_row":"","footnotes":""},"categories":[7,10,1],"tags":[],"class_list":["post-3920","post","type-post","status-publish","format-standard","has-post-thumbnail","hentry","category-parana","category-destaques","category-noticias"],"_links":{"self":[{"href":"https:\/\/noticiasregionais.com.br\/index.php?rest_route=\/wp\/v2\/posts\/3920","targetHints":{"allow":["GET"]}}],"collection":[{"href":"https:\/\/noticiasregionais.com.br\/index.php?rest_route=\/wp\/v2\/posts"}],"about":[{"href":"https:\/\/noticiasregionais.com.br\/index.php?rest_route=\/wp\/v2\/types\/post"}],"author":[{"embeddable":true,"href":"https:\/\/noticiasregionais.com.br\/index.php?rest_route=\/wp\/v2\/users\/1"}],"replies":[{"embeddable":true,"href":"https:\/\/noticiasregionais.com.br\/index.php?rest_route=%2Fwp%2Fv2%2Fcomments&post=3920"}],"version-history":[{"count":1,"href":"https:\/\/noticiasregionais.com.br\/index.php?rest_route=\/wp\/v2\/posts\/3920\/revisions"}],"predecessor-version":[{"id":3925,"href":"https:\/\/noticiasregionais.com.br\/index.php?rest_route=\/wp\/v2\/posts\/3920\/revisions\/3925"}],"wp:featuredmedia":[{"embeddable":true,"href":"https:\/\/noticiasregionais.com.br\/index.php?rest_route=\/wp\/v2\/media\/3921"}],"wp:attachment":[{"href":"https:\/\/noticiasregionais.com.br\/index.php?rest_route=%2Fwp%2Fv2%2Fmedia&parent=3920"}],"wp:term":[{"taxonomy":"category","embeddable":true,"href":"https:\/\/noticiasregionais.com.br\/index.php?rest_route=%2Fwp%2Fv2%2Fcategories&post=3920"},{"taxonomy":"post_tag","embeddable":true,"href":"https:\/\/noticiasregionais.com.br\/index.php?rest_route=%2Fwp%2Fv2%2Ftags&post=3920"}],"curies":[{"name":"wp","href":"https:\/\/api.w.org\/{rel}","templated":true}]}}