{"id":3926,"date":"2025-01-05T13:49:15","date_gmt":"2025-01-05T16:49:15","guid":{"rendered":"https:\/\/noticiasregionais.com.br\/?p=3926"},"modified":"2025-01-05T13:50:42","modified_gmt":"2025-01-05T16:50:42","slug":"equipe-de-guilherme-goncalves-e-zoio-recebe-aprovacao-popular-para-liderar-ourinhos","status":"publish","type":"post","link":"https:\/\/noticiasregionais.com.br\/?p=3926","title":{"rendered":"Equipe de Guilherme Gon\u00e7alves e Z\u00f3io recebe aprova\u00e7\u00e3o popular para liderar Ourinhos"},"content":{"rendered":"\n<p>Desde a publica\u00e7\u00e3o no <strong>Di\u00e1rio Oficial de Ourinhos<\/strong>, em 3 de janeiro, as nomea\u00e7\u00f5es realizadas pelo prefeito Guilherme Gon\u00e7alves e seu vice, Alexandre Z\u00f3io, t\u00eam gerado repercuss\u00e3o positiva entre a popula\u00e7\u00e3o. Ao todo, foram escolhidos 20 nomes para liderar as secretarias municipais, al\u00e9m das chefias do IPMO e da Procuradoria Geral do Munic\u00edpio.<\/p>\n\n\n\n<p>O portal <strong>Not\u00edcias Regionais<\/strong> ouviu mais de 100 leitores presencialmente e por meios eletr\u00f4nicos, e a maioria manifestou apoio \u00e0s indica\u00e7\u00f5es. Os entrevistados afirmaram que cr\u00edticas iniciais contra alguns indicados parecem ser infundadas ou at\u00e9 &#8220;Fake News&#8221; espalhadas por grupos de oposi\u00e7\u00e3o derrotados nas \u00faltimas elei\u00e7\u00f5es.<\/p>\n\n\n\n<p>Entre os destaques da nova equipe est\u00e3o <strong>Diego Singolani<\/strong>, ex-prefeito de Santa Cruz do Rio Pardo, que assumir\u00e1 a Secretaria de Sa\u00fade, e o <strong>tenente-coronel Alexandre Esp\u00edndola<\/strong>, vindo de Mar\u00edlia, que comandar\u00e1 a Seguran\u00e7a P\u00fablica. Outros nomes conhecidos da pol\u00edtica local tamb\u00e9m foram escolhidos, como <strong>Carolina Galan<\/strong>, influenciadora digital, que liderar\u00e1 a Comunica\u00e7\u00e3o, e <strong>Valter Nascimento<\/strong>, o \u201cLatinha\u201d, que ser\u00e1 respons\u00e1vel pela Secretaria de Esportes e Lazer.<\/p>\n\n\n\n<p>A composi\u00e7\u00e3o traz ainda profissionais de fora da cidade, como <strong>\u00c1lvaro Costa Vieira<\/strong>, de Ferraz de Vasconcelos, que assumir\u00e1 a Secretaria de Governo, al\u00e9m de t\u00e9cnicos locais como <strong>Heitor Rabelo<\/strong>, que ser\u00e1 o secret\u00e1rio de Administra\u00e7\u00e3o.<\/p>\n\n\n\n<p>Na ocasi\u00e3o tamb\u00e9m foi nomeado o novo Diretor Presidente do Instituto de Previd\u00eancia dos Servidores P\u00fablicos do Munic\u00edpio de Ourinhos &#8211; IPMO que \u00e9 o servidor Rildo Santos Machado ocupante do Cargo efetivo de Encarregado de Equipe.<\/p>\n\n\n\n<p>Apesar de uma tentativa de difama\u00e7\u00e3o, registrada pela equipe do <strong>Not\u00edcias Regionais<\/strong> via WhatsApp, enviada por uma ex-assessora da gest\u00e3o anterior, a popula\u00e7\u00e3o consultada defendeu que \u00e9 necess\u00e1rio tempo para que os indicados demonstrem seu trabalho e comprovem sua capacidade de atender \u00e0s demandas da cidade.<\/p>\n\n\n\n<h3 class=\"wp-block-heading\">Breve rela\u00e7\u00e3o dos indicados e suas fun\u00e7\u00f5es:<\/h3>\n\n\n\n<p><strong>Administra\u00e7\u00e3o<\/strong>: Heitor J\u00fanior Rabelo<br><strong>Assist\u00eancia e Desenvolvimento Social<\/strong>: Fl\u00e1via Maria Hretsiuk<br><strong>Comunica\u00e7\u00e3o<\/strong>: Carolina Galan<br><strong>Cultura<\/strong>: Maikon Zambido Serrano<br><strong>Desenvolvimento Econ\u00f4mico, Trabalho e Turismo<\/strong>: Higor Palma Montoro<br><strong>Desenvolvimento Urbano, Mobilidade e Licenciamento<\/strong>: Anna Carolina Oliveira C. Ribeiro<br><strong>Educa\u00e7\u00e3o<\/strong>: Carmem L\u00facia Pereira Machado<br><strong>Esportes e Lazer<\/strong>: Valter do Nascimento (&#8220;Latinha&#8221;)<br><strong>Finan\u00e7as<\/strong>: Leandro Moraes<br><strong>Gabinete<\/strong>: Roberto Tasca<br><strong>Secretaria de Governo<\/strong>: \u00c1lvaro Costa Vieira (&#8220;Kak\u00e1&#8221;)<br><strong>Inclus\u00e3o<\/strong>: Patricia Regina Miranda Meneguim<br><strong>Infraestrutura Urbana e Obras<\/strong>: Maicon Luiz Monteiro Cabral<br><strong>Justi\u00e7a e Cidadania<\/strong>: Renato Jos\u00e9 Nepomuceno de Freitas Hernandes<br><strong>Meio Ambiente e Agricultura<\/strong>: Di\u00f3genes Correia Leite<br><strong>Mulher e da Fam\u00edlia<\/strong>: Caroline Marvulli<br><strong>Planejamento<\/strong>: Jo\u00e3o Carlos Bilar J\u00fanior<br><strong>Seguran\u00e7a P\u00fablica<\/strong>: Alexandre Ledo<br><strong>Sa\u00fade<\/strong>: Diego Singolani<br><strong>Servi\u00e7os Urbanos e Zeladoria<\/strong>: Leo Fernandes<br><strong>Procurador-Geral do Munic\u00edpio<\/strong>: Andr\u00e9 Melo<br><strong>Presidente do IPMO<\/strong>: Rildo Machado<\/p>\n\n\n\n<p>A diversidade de perfis na equipe reflete a inten\u00e7\u00e3o de unir experi\u00eancia t\u00e9cnica e inova\u00e7\u00e3o, com o objetivo de atender \u00e0s necessidades da popula\u00e7\u00e3o e promover avan\u00e7os em diversas \u00e1reas do munic\u00edpio.<\/p>\n\n\n\n<figure class=\"wp-block-gallery has-nested-images columns-6 is-cropped wp-block-gallery-1 is-layout-flex wp-block-gallery-is-layout-flex\">\n<figure class=\"wp-block-image size-large\"><img decoding=\"async\" width=\"512\" height=\"816\" data-id=\"3946\" src=\"https:\/\/noticiasregionais.com.br\/wp-content\/uploads\/2025\/01\/Heitor.jpg\" alt=\"\" class=\"wp-image-3946\" srcset=\"https:\/\/noticiasregionais.com.br\/wp-content\/uploads\/2025\/01\/Heitor.jpg 512w, https:\/\/noticiasregionais.com.br\/wp-content\/uploads\/2025\/01\/Heitor-188x300.jpg 188w\" sizes=\"(max-width: 512px) 100vw, 512px\" \/><\/figure>\n\n\n\n<figure class=\"wp-block-image size-large\"><img decoding=\"async\" width=\"1024\" height=\"1024\" data-id=\"3945\" src=\"https:\/\/noticiasregionais.com.br\/wp-content\/uploads\/2025\/01\/flavia-maria-1024x1024-1.jpg\" alt=\"\" class=\"wp-image-3945\" srcset=\"https:\/\/noticiasregionais.com.br\/wp-content\/uploads\/2025\/01\/flavia-maria-1024x1024-1.jpg 1024w, https:\/\/noticiasregionais.com.br\/wp-content\/uploads\/2025\/01\/flavia-maria-1024x1024-1-300x300.jpg 300w, https:\/\/noticiasregionais.com.br\/wp-content\/uploads\/2025\/01\/flavia-maria-1024x1024-1-150x150.jpg 150w, https:\/\/noticiasregionais.com.br\/wp-content\/uploads\/2025\/01\/flavia-maria-1024x1024-1-768x768.jpg 768w\" sizes=\"(max-width: 1024px) 100vw, 1024px\" \/><\/figure>\n\n\n\n<figure class=\"wp-block-image size-large\"><img decoding=\"async\" width=\"836\" height=\"836\" data-id=\"3948\" src=\"https:\/\/noticiasregionais.com.br\/wp-content\/uploads\/2025\/01\/276134292_3252131648407479_6408306867781213727_n.jpg\" alt=\"\" class=\"wp-image-3948\" srcset=\"https:\/\/noticiasregionais.com.br\/wp-content\/uploads\/2025\/01\/276134292_3252131648407479_6408306867781213727_n.jpg 836w, https:\/\/noticiasregionais.com.br\/wp-content\/uploads\/2025\/01\/276134292_3252131648407479_6408306867781213727_n-300x300.jpg 300w, https:\/\/noticiasregionais.com.br\/wp-content\/uploads\/2025\/01\/276134292_3252131648407479_6408306867781213727_n-150x150.jpg 150w, https:\/\/noticiasregionais.com.br\/wp-content\/uploads\/2025\/01\/276134292_3252131648407479_6408306867781213727_n-768x768.jpg 768w\" sizes=\"(max-width: 836px) 100vw, 836px\" \/><\/figure>\n\n\n\n<figure class=\"wp-block-image size-large\"><img decoding=\"async\" width=\"768\" height=\"765\" data-id=\"3942\" src=\"https:\/\/noticiasregionais.com.br\/wp-content\/uploads\/2025\/01\/330447825_1303773093505619_5661302520258644476_n-768x765-1.jpg\" alt=\"\" class=\"wp-image-3942\" srcset=\"https:\/\/noticiasregionais.com.br\/wp-content\/uploads\/2025\/01\/330447825_1303773093505619_5661302520258644476_n-768x765-1.jpg 768w, https:\/\/noticiasregionais.com.br\/wp-content\/uploads\/2025\/01\/330447825_1303773093505619_5661302520258644476_n-768x765-1-300x300.jpg 300w, https:\/\/noticiasregionais.com.br\/wp-content\/uploads\/2025\/01\/330447825_1303773093505619_5661302520258644476_n-768x765-1-150x150.jpg 150w\" sizes=\"(max-width: 768px) 100vw, 768px\" \/><\/figure>\n\n\n\n<figure class=\"wp-block-image size-large\"><img decoding=\"async\" width=\"768\" height=\"1024\" data-id=\"3943\" src=\"https:\/\/noticiasregionais.com.br\/wp-content\/uploads\/2025\/01\/higor-768x1024-1.jpg\" alt=\"\" class=\"wp-image-3943\" srcset=\"https:\/\/noticiasregionais.com.br\/wp-content\/uploads\/2025\/01\/higor-768x1024-1.jpg 768w, https:\/\/noticiasregionais.com.br\/wp-content\/uploads\/2025\/01\/higor-768x1024-1-225x300.jpg 225w\" sizes=\"(max-width: 768px) 100vw, 768px\" \/><\/figure>\n\n\n\n<figure class=\"wp-block-image size-large\"><img decoding=\"async\" width=\"680\" height=\"1024\" data-id=\"3947\" src=\"https:\/\/noticiasregionais.com.br\/wp-content\/uploads\/2025\/01\/anna-carolina.webp\" alt=\"\" class=\"wp-image-3947\" srcset=\"https:\/\/noticiasregionais.com.br\/wp-content\/uploads\/2025\/01\/anna-carolina.webp 680w, https:\/\/noticiasregionais.com.br\/wp-content\/uploads\/2025\/01\/anna-carolina-199x300.webp 199w\" sizes=\"(max-width: 680px) 100vw, 680px\" \/><\/figure>\n\n\n\n<figure class=\"wp-block-image size-large\"><img decoding=\"async\" width=\"750\" height=\"750\" data-id=\"3944\" src=\"https:\/\/noticiasregionais.com.br\/wp-content\/uploads\/2025\/01\/carminha.jpg\" alt=\"\" class=\"wp-image-3944\" srcset=\"https:\/\/noticiasregionais.com.br\/wp-content\/uploads\/2025\/01\/carminha.jpg 750w, https:\/\/noticiasregionais.com.br\/wp-content\/uploads\/2025\/01\/carminha-300x300.jpg 300w, https:\/\/noticiasregionais.com.br\/wp-content\/uploads\/2025\/01\/carminha-150x150.jpg 150w\" sizes=\"(max-width: 750px) 100vw, 750px\" \/><\/figure>\n\n\n\n<figure class=\"wp-block-image size-large\"><img decoding=\"async\" width=\"768\" height=\"775\" data-id=\"3941\" src=\"https:\/\/noticiasregionais.com.br\/wp-content\/uploads\/2025\/01\/latinha.jpg\" alt=\"\" class=\"wp-image-3941\" srcset=\"https:\/\/noticiasregionais.com.br\/wp-content\/uploads\/2025\/01\/latinha.jpg 768w, https:\/\/noticiasregionais.com.br\/wp-content\/uploads\/2025\/01\/latinha-297x300.jpg 297w, https:\/\/noticiasregionais.com.br\/wp-content\/uploads\/2025\/01\/latinha-150x150.jpg 150w\" sizes=\"(max-width: 768px) 100vw, 768px\" \/><\/figure>\n\n\n\n<figure class=\"wp-block-image size-large\"><img decoding=\"async\" width=\"718\" height=\"810\" data-id=\"3938\" src=\"https:\/\/noticiasregionais.com.br\/wp-content\/uploads\/2025\/01\/Leandro.jpg\" alt=\"\" class=\"wp-image-3938\" srcset=\"https:\/\/noticiasregionais.com.br\/wp-content\/uploads\/2025\/01\/Leandro.jpg 718w, https:\/\/noticiasregionais.com.br\/wp-content\/uploads\/2025\/01\/Leandro-266x300.jpg 266w\" sizes=\"(max-width: 718px) 100vw, 718px\" \/><\/figure>\n\n\n\n<figure class=\"wp-block-image size-large\"><img decoding=\"async\" width=\"768\" height=\"773\" data-id=\"3936\" src=\"https:\/\/noticiasregionais.com.br\/wp-content\/uploads\/2025\/01\/Tasca.jpg\" alt=\"\" class=\"wp-image-3936\" srcset=\"https:\/\/noticiasregionais.com.br\/wp-content\/uploads\/2025\/01\/Tasca.jpg 768w, https:\/\/noticiasregionais.com.br\/wp-content\/uploads\/2025\/01\/Tasca-298x300.jpg 298w, https:\/\/noticiasregionais.com.br\/wp-content\/uploads\/2025\/01\/Tasca-150x150.jpg 150w\" sizes=\"(max-width: 768px) 100vw, 768px\" \/><\/figure>\n\n\n\n<figure class=\"wp-block-image size-large\"><img decoding=\"async\" width=\"768\" height=\"960\" data-id=\"3937\" src=\"https:\/\/noticiasregionais.com.br\/wp-content\/uploads\/2025\/01\/Kaka.jpg\" alt=\"\" class=\"wp-image-3937\" srcset=\"https:\/\/noticiasregionais.com.br\/wp-content\/uploads\/2025\/01\/Kaka.jpg 768w, https:\/\/noticiasregionais.com.br\/wp-content\/uploads\/2025\/01\/Kaka-240x300.jpg 240w\" sizes=\"(max-width: 768px) 100vw, 768px\" \/><\/figure>\n\n\n\n<figure class=\"wp-block-image size-large\"><img decoding=\"async\" width=\"768\" height=\"768\" data-id=\"3940\" src=\"https:\/\/noticiasregionais.com.br\/wp-content\/uploads\/2025\/01\/Patricia.jpg\" alt=\"\" class=\"wp-image-3940\" srcset=\"https:\/\/noticiasregionais.com.br\/wp-content\/uploads\/2025\/01\/Patricia.jpg 768w, https:\/\/noticiasregionais.com.br\/wp-content\/uploads\/2025\/01\/Patricia-300x300.jpg 300w, https:\/\/noticiasregionais.com.br\/wp-content\/uploads\/2025\/01\/Patricia-150x150.jpg 150w\" sizes=\"(max-width: 768px) 100vw, 768px\" \/><\/figure>\n\n\n\n<figure class=\"wp-block-image size-large\"><img decoding=\"async\" width=\"225\" height=\"225\" data-id=\"3928\" src=\"https:\/\/noticiasregionais.com.br\/wp-content\/uploads\/2025\/01\/Maicon-Cabral.jpeg\" alt=\"\" class=\"wp-image-3928\" srcset=\"https:\/\/noticiasregionais.com.br\/wp-content\/uploads\/2025\/01\/Maicon-Cabral.jpeg 225w, https:\/\/noticiasregionais.com.br\/wp-content\/uploads\/2025\/01\/Maicon-Cabral-150x150.jpeg 150w\" sizes=\"(max-width: 225px) 100vw, 225px\" \/><\/figure>\n\n\n\n<figure class=\"wp-block-image size-large\"><img decoding=\"async\" width=\"430\" height=\"396\" data-id=\"3935\" src=\"https:\/\/noticiasregionais.com.br\/wp-content\/uploads\/2025\/01\/Renato.avif\" alt=\"\" class=\"wp-image-3935\" srcset=\"https:\/\/noticiasregionais.com.br\/wp-content\/uploads\/2025\/01\/Renato.avif 430w, https:\/\/noticiasregionais.com.br\/wp-content\/uploads\/2025\/01\/Renato-300x276.avif 300w\" sizes=\"(max-width: 430px) 100vw, 430px\" \/><\/figure>\n\n\n\n<figure class=\"wp-block-image size-large\"><img decoding=\"async\" width=\"500\" height=\"500\" data-id=\"3934\" src=\"https:\/\/noticiasregionais.com.br\/wp-content\/uploads\/2025\/01\/Diogenes.jpg\" alt=\"\" class=\"wp-image-3934\" srcset=\"https:\/\/noticiasregionais.com.br\/wp-content\/uploads\/2025\/01\/Diogenes.jpg 500w, https:\/\/noticiasregionais.com.br\/wp-content\/uploads\/2025\/01\/Diogenes-300x300.jpg 300w, https:\/\/noticiasregionais.com.br\/wp-content\/uploads\/2025\/01\/Diogenes-150x150.jpg 150w\" sizes=\"(max-width: 500px) 100vw, 500px\" \/><\/figure>\n\n\n\n<figure class=\"wp-block-image size-large\"><img decoding=\"async\" width=\"416\" height=\"422\" data-id=\"3932\" src=\"https:\/\/noticiasregionais.com.br\/wp-content\/uploads\/2025\/01\/Caroline.png\" alt=\"\" class=\"wp-image-3932\" srcset=\"https:\/\/noticiasregionais.com.br\/wp-content\/uploads\/2025\/01\/Caroline.png 416w, https:\/\/noticiasregionais.com.br\/wp-content\/uploads\/2025\/01\/Caroline-296x300.png 296w\" sizes=\"(max-width: 416px) 100vw, 416px\" \/><\/figure>\n\n\n\n<figure class=\"wp-block-image size-large\"><img decoding=\"async\" width=\"214\" height=\"325\" data-id=\"3933\" src=\"https:\/\/noticiasregionais.com.br\/wp-content\/uploads\/2025\/01\/Carlos-Bilar.png\" alt=\"\" class=\"wp-image-3933\" srcset=\"https:\/\/noticiasregionais.com.br\/wp-content\/uploads\/2025\/01\/Carlos-Bilar.png 214w, https:\/\/noticiasregionais.com.br\/wp-content\/uploads\/2025\/01\/Carlos-Bilar-198x300.png 198w\" sizes=\"(max-width: 214px) 100vw, 214px\" \/><\/figure>\n\n\n\n<figure class=\"wp-block-image size-large\"><img decoding=\"async\" width=\"510\" height=\"381\" data-id=\"3931\" src=\"https:\/\/noticiasregionais.com.br\/wp-content\/uploads\/2025\/01\/Alexandre.jpg\" alt=\"\" class=\"wp-image-3931\" srcset=\"https:\/\/noticiasregionais.com.br\/wp-content\/uploads\/2025\/01\/Alexandre.jpg 510w, https:\/\/noticiasregionais.com.br\/wp-content\/uploads\/2025\/01\/Alexandre-300x224.jpg 300w\" sizes=\"(max-width: 510px) 100vw, 510px\" \/><\/figure>\n\n\n\n<figure class=\"wp-block-image size-large\"><img decoding=\"async\" width=\"169\" height=\"294\" data-id=\"3949\" src=\"https:\/\/noticiasregionais.com.br\/wp-content\/uploads\/2025\/01\/Diego-S.jpg\" alt=\"\" class=\"wp-image-3949\"\/><\/figure>\n\n\n\n<figure class=\"wp-block-image size-large\"><img decoding=\"async\" width=\"581\" height=\"435\" data-id=\"3939\" src=\"https:\/\/noticiasregionais.com.br\/wp-content\/uploads\/2025\/01\/Leo-Fernandez.png\" alt=\"\" class=\"wp-image-3939\" srcset=\"https:\/\/noticiasregionais.com.br\/wp-content\/uploads\/2025\/01\/Leo-Fernandez.png 581w, https:\/\/noticiasregionais.com.br\/wp-content\/uploads\/2025\/01\/Leo-Fernandez-300x225.png 300w\" sizes=\"(max-width: 581px) 100vw, 581px\" \/><\/figure>\n\n\n\n<figure class=\"wp-block-image size-large\"><img decoding=\"async\" width=\"768\" height=\"774\" data-id=\"3930\" src=\"https:\/\/noticiasregionais.com.br\/wp-content\/uploads\/2025\/01\/Andre-Mello.jpg\" alt=\"\" class=\"wp-image-3930\" srcset=\"https:\/\/noticiasregionais.com.br\/wp-content\/uploads\/2025\/01\/Andre-Mello.jpg 768w, https:\/\/noticiasregionais.com.br\/wp-content\/uploads\/2025\/01\/Andre-Mello-298x300.jpg 298w, https:\/\/noticiasregionais.com.br\/wp-content\/uploads\/2025\/01\/Andre-Mello-150x150.jpg 150w\" sizes=\"(max-width: 768px) 100vw, 768px\" \/><\/figure>\n\n\n\n<figure class=\"wp-block-image size-large\"><img decoding=\"async\" width=\"366\" height=\"637\" data-id=\"3929\" src=\"https:\/\/noticiasregionais.com.br\/wp-content\/uploads\/2025\/01\/Rildo.jpg\" alt=\"\" class=\"wp-image-3929\" srcset=\"https:\/\/noticiasregionais.com.br\/wp-content\/uploads\/2025\/01\/Rildo.jpg 366w, https:\/\/noticiasregionais.com.br\/wp-content\/uploads\/2025\/01\/Rildo-172x300.jpg 172w\" sizes=\"(max-width: 366px) 100vw, 366px\" \/><\/figure>\n<\/figure>\n<input type=\"hidden\" id=\"baseurl\" value=\"https:\/\/noticiasregionais.com.br\"><input type=\"hidden\" id=\"audio_nonce\" value=\"533fbb67b1\">","protected":false},"excerpt":{"rendered":"<p>Desde a publica\u00e7\u00e3o no Di\u00e1rio Oficial de Ourinhos, em 3 de janeiro, as nomea\u00e7\u00f5es realizadas pelo prefeito Guilherme Gon\u00e7alves e&hellip;<\/p>\n","protected":false},"author":1,"featured_media":3951,"comment_status":"closed","ping_status":"open","sticky":false,"template":"","format":"standard","meta":{"sfsi_plus_gutenberg_text_before_share":"","sfsi_plus_gutenberg_show_text_before_share":"","sfsi_plus_gutenberg_icon_type":"","sfsi_plus_gutenberg_icon_alignemt":"","sfsi_plus_gutenburg_max_per_row":"","footnotes":""},"categories":[5,12,1],"tags":[],"class_list":["post-3926","post","type-post","status-publish","format-standard","has-post-thumbnail","hentry","category-ourinhos","category-capa","category-noticias"],"_links":{"self":[{"href":"https:\/\/noticiasregionais.com.br\/index.php?rest_route=\/wp\/v2\/posts\/3926","targetHints":{"allow":["GET"]}}],"collection":[{"href":"https:\/\/noticiasregionais.com.br\/index.php?rest_route=\/wp\/v2\/posts"}],"about":[{"href":"https:\/\/noticiasregionais.com.br\/index.php?rest_route=\/wp\/v2\/types\/post"}],"author":[{"embeddable":true,"href":"https:\/\/noticiasregionais.com.br\/index.php?rest_route=\/wp\/v2\/users\/1"}],"replies":[{"embeddable":true,"href":"https:\/\/noticiasregionais.com.br\/index.php?rest_route=%2Fwp%2Fv2%2Fcomments&post=3926"}],"version-history":[{"count":1,"href":"https:\/\/noticiasregionais.com.br\/index.php?rest_route=\/wp\/v2\/posts\/3926\/revisions"}],"predecessor-version":[{"id":3950,"href":"https:\/\/noticiasregionais.com.br\/index.php?rest_route=\/wp\/v2\/posts\/3926\/revisions\/3950"}],"wp:featuredmedia":[{"embeddable":true,"href":"https:\/\/noticiasregionais.com.br\/index.php?rest_route=\/wp\/v2\/media\/3951"}],"wp:attachment":[{"href":"https:\/\/noticiasregionais.com.br\/index.php?rest_route=%2Fwp%2Fv2%2Fmedia&parent=3926"}],"wp:term":[{"taxonomy":"category","embeddable":true,"href":"https:\/\/noticiasregionais.com.br\/index.php?rest_route=%2Fwp%2Fv2%2Fcategories&post=3926"},{"taxonomy":"post_tag","embeddable":true,"href":"https:\/\/noticiasregionais.com.br\/index.php?rest_route=%2Fwp%2Fv2%2Ftags&post=3926"}],"curies":[{"name":"wp","href":"https:\/\/api.w.org\/{rel}","templated":true}]}}