{"id":3952,"date":"2025-01-07T11:58:22","date_gmt":"2025-01-07T14:58:22","guid":{"rendered":"https:\/\/noticiasregionais.com.br\/?p=3952"},"modified":"2025-01-07T11:58:34","modified_gmt":"2025-01-07T14:58:34","slug":"sindicato-dos-servidores-protocola-pauta-de-reivindicacoes-e-aguarda-inicio-das-negociacoes-salariais-para-2025","status":"publish","type":"post","link":"https:\/\/noticiasregionais.com.br\/?p=3952","title":{"rendered":"Sindicato dos Servidores protocola pauta de reivindica\u00e7\u00f5es e aguarda in\u00edcio das negocia\u00e7\u00f5es salariais para 2025"},"content":{"rendered":"\n<p>Na manh\u00e3 desta segunda-feira, 6 de janeiro, o Sindicato dos Servidores Municipais, protocolou em todas as prefeituras que abrangem a sua \u00e1rea de atua\u00e7\u00e3o, a pauta de reivindica\u00e7\u00f5es aprovada em Assembleia Geral realizada no dia 18 de dezembro de 2024. O documento marca o in\u00edcio oficial da Campanha Salarial 2025, cuja data-base est\u00e1 fixada para o dia 1\u00ba de mar\u00e7o.<\/p>\n\n\n\n<p>O sindicato solicitou \u00e0s administra\u00e7\u00f5es municipais o agendamento de uma reuni\u00e3o para dar in\u00edcio \u00e0s negocia\u00e7\u00f5es, com a expectativa de que o di\u00e1logo resulte em avan\u00e7os significativos para a categoria.<\/p>\n\n\n\n<p>Entre as principais reivindica\u00e7\u00f5es apresentadas est\u00e3o: reajuste salarial com base no \u00edndice INPC, que mede a infla\u00e7\u00e3o acumulada nos 12 meses anteriores \u00e0 data-base, garantindo a reposi\u00e7\u00e3o do poder de compra dos servidores. Tamb\u00e9m foi solicitada a reestrutura\u00e7\u00e3o dos n\u00edveis salariais, abrangendo tanto servidores ativos quanto inativos, para promover maior equidade e valoriza\u00e7\u00e3o profissional. O aumento do valor do vale-alimenta\u00e7\u00e3o para R$ 1.200 \u00e9 outra demanda destacada, assim como a cria\u00e7\u00e3o de um aux\u00edlio nutricional de R$ 400 para aposentados e pensionistas que recebem at\u00e9 o teto do INSS.<\/p>\n\n\n\n<p>A pauta inclui ainda a amplia\u00e7\u00e3o do benef\u00edcio de vale-transporte, com a manuten\u00e7\u00e3o da gratuidade para os servidores de menor remunera\u00e7\u00e3o e a inclus\u00e3o de todos que comprovarem uso do transporte p\u00fablico, eliminando o atual teto salarial para concess\u00e3o do benef\u00edcio. O sindicato prop\u00f5e tamb\u00e9m a cria\u00e7\u00e3o de um vale-cultura no valor de R$ 200, destinado a incentivar o acesso \u00e0 cultura entre os servidores.<\/p>\n\n\n\n<p>Outro ponto abordado \u00e9 a proibi\u00e7\u00e3o do banco de horas, com a garantia de pagamento integral de todas as horas extras realizadas. A pauta sugere ainda a institui\u00e7\u00e3o de uma gratifica\u00e7\u00e3o natalina no valor de R$ 1.200, a ser paga em dezembro, e um adicional para servidores que desempenham fun\u00e7\u00f5es essenciais em unidades de atendimento ininterrupto, como prontos-socorros, farm\u00e1cias e UPAs.<\/p>\n\n\n\n<p>Segundo o presidente do Sindicato, Edinilson Ribeiro da Silva, o Bigu\u00e1, a pauta reflete as necessidades mais urgentes dos servidores municipais e busca fortalecer a valoriza\u00e7\u00e3o da categoria. \u201cOs servidores s\u00e3o a base do funcionamento da administra\u00e7\u00e3o p\u00fablica. Reivindicamos o que \u00e9 justo e essencial para garantir melhores condi\u00e7\u00f5es de trabalho e vida para os trabalhadores que atendem \u00e0 popula\u00e7\u00e3o diariamente,\u201d afirmou.<\/p>\n\n\n\n<p>O sindicato agora aguarda o retorno das Prefeituras para o agendamento da primeira rodada de negocia\u00e7\u00f5es, esperando que o di\u00e1logo seja construtivo e resulte em avan\u00e7os concretos para os servidores.<\/p>\n<input type=\"hidden\" id=\"baseurl\" value=\"https:\/\/noticiasregionais.com.br\"><input type=\"hidden\" id=\"audio_nonce\" value=\"533fbb67b1\">","protected":false},"excerpt":{"rendered":"<p>Na manh\u00e3 desta segunda-feira, 6 de janeiro, o Sindicato dos Servidores Municipais, protocolou em todas as prefeituras que abrangem a&hellip;<\/p>\n","protected":false},"author":1,"featured_media":3953,"comment_status":"closed","ping_status":"open","sticky":false,"template":"","format":"standard","meta":{"sfsi_plus_gutenberg_text_before_share":"","sfsi_plus_gutenberg_show_text_before_share":"","sfsi_plus_gutenberg_icon_type":"","sfsi_plus_gutenberg_icon_alignemt":"","sfsi_plus_gutenburg_max_per_row":"","footnotes":""},"categories":[5,10,1],"tags":[],"class_list":["post-3952","post","type-post","status-publish","format-standard","has-post-thumbnail","hentry","category-ourinhos","category-destaques","category-noticias"],"_links":{"self":[{"href":"https:\/\/noticiasregionais.com.br\/index.php?rest_route=\/wp\/v2\/posts\/3952","targetHints":{"allow":["GET"]}}],"collection":[{"href":"https:\/\/noticiasregionais.com.br\/index.php?rest_route=\/wp\/v2\/posts"}],"about":[{"href":"https:\/\/noticiasregionais.com.br\/index.php?rest_route=\/wp\/v2\/types\/post"}],"author":[{"embeddable":true,"href":"https:\/\/noticiasregionais.com.br\/index.php?rest_route=\/wp\/v2\/users\/1"}],"replies":[{"embeddable":true,"href":"https:\/\/noticiasregionais.com.br\/index.php?rest_route=%2Fwp%2Fv2%2Fcomments&post=3952"}],"version-history":[{"count":1,"href":"https:\/\/noticiasregionais.com.br\/index.php?rest_route=\/wp\/v2\/posts\/3952\/revisions"}],"predecessor-version":[{"id":3954,"href":"https:\/\/noticiasregionais.com.br\/index.php?rest_route=\/wp\/v2\/posts\/3952\/revisions\/3954"}],"wp:featuredmedia":[{"embeddable":true,"href":"https:\/\/noticiasregionais.com.br\/index.php?rest_route=\/wp\/v2\/media\/3953"}],"wp:attachment":[{"href":"https:\/\/noticiasregionais.com.br\/index.php?rest_route=%2Fwp%2Fv2%2Fmedia&parent=3952"}],"wp:term":[{"taxonomy":"category","embeddable":true,"href":"https:\/\/noticiasregionais.com.br\/index.php?rest_route=%2Fwp%2Fv2%2Fcategories&post=3952"},{"taxonomy":"post_tag","embeddable":true,"href":"https:\/\/noticiasregionais.com.br\/index.php?rest_route=%2Fwp%2Fv2%2Ftags&post=3952"}],"curies":[{"name":"wp","href":"https:\/\/api.w.org\/{rel}","templated":true}]}}