{"id":3955,"date":"2025-01-07T12:23:32","date_gmt":"2025-01-07T15:23:32","guid":{"rendered":"https:\/\/noticiasregionais.com.br\/?p=3955"},"modified":"2025-01-07T12:23:35","modified_gmt":"2025-01-07T15:23:35","slug":"prf-apreende-985-kg-de-maconha-na-divisa-de-sao-paulo-com-parana","status":"publish","type":"post","link":"https:\/\/noticiasregionais.com.br\/?p=3955","title":{"rendered":"PRF apreende 98,5 kg de maconha na divisa de S\u00e3o Paulo com Paran\u00e1"},"content":{"rendered":"\n<h4 class=\"wp-block-heading has-text-align-center\">Droga era transportada por um casal em um carro de passeio<\/h4>\n\n\n\n<p>Uma equipe da Pol\u00edcia Rodovi\u00e1ria Federal flagrou, na noite desse domingo (5), um casal vindo de Maring\u00e1\/PR transportando 119 tijolos de maconha no interior de um GM Onix. Eles passavam pelo km 1 da BR-369, em Jacarezinho\/PR, na divisa de S\u00e3o Paulo com Paran\u00e1 quando foram parados.<br>No in\u00edcio da fiscaliza\u00e7\u00e3o os PRF j\u00e1 perceberam um forte odor de maconha no interior do carro, fazendo com que os policiais realizassem uma verifica\u00e7\u00e3o minuciosa. Os tijolos de maconha foram encontrados distribu\u00eddos em quatro malas de viagem. <br>O casal, um homem de 36 anos e uma mulher de 30, foram presos por tr\u00e1fico de drogas. Ele disse aos policiais que a droga foi carregada em Maring\u00e1\/PR e seria levada para Americana. Eles foram levados para a delegacia da Pol\u00edcia Civil em Jacarezinho\/PR.<\/p>\n<input type=\"hidden\" id=\"baseurl\" value=\"https:\/\/noticiasregionais.com.br\"><input type=\"hidden\" id=\"audio_nonce\" value=\"533fbb67b1\">","protected":false},"excerpt":{"rendered":"<p>Droga era transportada por um casal em um carro de passeio Uma equipe da Pol\u00edcia Rodovi\u00e1ria Federal flagrou, na noite&hellip;<\/p>\n","protected":false},"author":1,"featured_media":3956,"comment_status":"closed","ping_status":"open","sticky":false,"template":"","format":"standard","meta":{"sfsi_plus_gutenberg_text_before_share":"","sfsi_plus_gutenberg_show_text_before_share":"","sfsi_plus_gutenberg_icon_type":"","sfsi_plus_gutenberg_icon_alignemt":"","sfsi_plus_gutenburg_max_per_row":"","footnotes":""},"categories":[7,10,1],"tags":[],"class_list":["post-3955","post","type-post","status-publish","format-standard","has-post-thumbnail","hentry","category-parana","category-destaques","category-noticias"],"_links":{"self":[{"href":"https:\/\/noticiasregionais.com.br\/index.php?rest_route=\/wp\/v2\/posts\/3955","targetHints":{"allow":["GET"]}}],"collection":[{"href":"https:\/\/noticiasregionais.com.br\/index.php?rest_route=\/wp\/v2\/posts"}],"about":[{"href":"https:\/\/noticiasregionais.com.br\/index.php?rest_route=\/wp\/v2\/types\/post"}],"author":[{"embeddable":true,"href":"https:\/\/noticiasregionais.com.br\/index.php?rest_route=\/wp\/v2\/users\/1"}],"replies":[{"embeddable":true,"href":"https:\/\/noticiasregionais.com.br\/index.php?rest_route=%2Fwp%2Fv2%2Fcomments&post=3955"}],"version-history":[{"count":1,"href":"https:\/\/noticiasregionais.com.br\/index.php?rest_route=\/wp\/v2\/posts\/3955\/revisions"}],"predecessor-version":[{"id":3957,"href":"https:\/\/noticiasregionais.com.br\/index.php?rest_route=\/wp\/v2\/posts\/3955\/revisions\/3957"}],"wp:featuredmedia":[{"embeddable":true,"href":"https:\/\/noticiasregionais.com.br\/index.php?rest_route=\/wp\/v2\/media\/3956"}],"wp:attachment":[{"href":"https:\/\/noticiasregionais.com.br\/index.php?rest_route=%2Fwp%2Fv2%2Fmedia&parent=3955"}],"wp:term":[{"taxonomy":"category","embeddable":true,"href":"https:\/\/noticiasregionais.com.br\/index.php?rest_route=%2Fwp%2Fv2%2Fcategories&post=3955"},{"taxonomy":"post_tag","embeddable":true,"href":"https:\/\/noticiasregionais.com.br\/index.php?rest_route=%2Fwp%2Fv2%2Ftags&post=3955"}],"curies":[{"name":"wp","href":"https:\/\/api.w.org\/{rel}","templated":true}]}}