{"id":3958,"date":"2025-01-07T12:38:49","date_gmt":"2025-01-07T15:38:49","guid":{"rendered":"https:\/\/noticiasregionais.com.br\/?p=3958"},"modified":"2025-01-07T12:39:01","modified_gmt":"2025-01-07T15:39:01","slug":"secretaria-de-saude-emite-alerta-para-aumento-de-casos-de-doencas-diarreicas-no-inicio-de-2025","status":"publish","type":"post","link":"https:\/\/noticiasregionais.com.br\/?p=3958","title":{"rendered":"Secretaria de Sa\u00fade emite alerta para aumento de casos de doen\u00e7as diarreicas no in\u00edcio de 2025"},"content":{"rendered":"\n<p class=\"has-text-align-center\"><strong>N\u00famero de casos registrados na primeira semana do ano \u00e9 36,6% maior em rela\u00e7\u00e3o a 2024.<\/strong><\/p>\n\n\n\n<p>A Secretaria Municipal de Sa\u00fade divulgou um alerta nesta semana devido ao aumento significativo nos casos de doen\u00e7as diarreicas registrados na primeira semana epidemiol\u00f3gica de 2025. Segundo dados preliminares, foram contabilizados 97 casos neste ano, um crescimento de 36,6% em compara\u00e7\u00e3o aos 71 casos registrados no mesmo per\u00edodo de 2024.<\/p>\n\n\n\n<p>Embora o comportamento geral das notifica\u00e7\u00f5es permane\u00e7a semelhante, a varia\u00e7\u00e3o observada liga um sinal de alerta. Especialistas da secretaria destacaram a import\u00e2ncia de monitorar atentamente as pr\u00f3ximas semanas para identificar poss\u00edveis causas e padr\u00f5es relacionados ao aumento.<\/p>\n\n\n\n<p>Para prevenir novos casos, a Secretaria refor\u00e7a a necessidade de adotar medidas preventivas. Entre as principais recomenda\u00e7\u00f5es est\u00e3o:<\/p>\n\n\n\n<ul class=\"wp-block-list\">\n<li>Higienizar corretamente os alimentos antes do consumo;<\/li>\n\n\n\n<li>Consumir apenas \u00e1gua pot\u00e1vel ou tratada;<\/li>\n\n\n\n<li>Garantir boas pr\u00e1ticas de saneamento b\u00e1sico.<\/li>\n<\/ul>\n\n\n\n<p>Al\u00e9m disso, a popula\u00e7\u00e3o deve estar atenta aos sintomas das doen\u00e7as diarreicas, como diarreia intensa, febre ou sinais de desidrata\u00e7\u00e3o, especialmente em grupos mais vulner\u00e1veis, como crian\u00e7as e idosos. Em caso de aparecimento desses sintomas, a recomenda\u00e7\u00e3o \u00e9 procurar imediatamente uma unidade de sa\u00fade.<\/p>\n\n\n\n<p>O monitoramento epidemiol\u00f3gico continuar\u00e1 sendo realizado pela Secretaria Municipal de Sa\u00fade, com o objetivo de orientar a\u00e7\u00f5es espec\u00edficas e garantir a prote\u00e7\u00e3o da sa\u00fade coletiva.<\/p>\n<input type=\"hidden\" id=\"baseurl\" value=\"https:\/\/noticiasregionais.com.br\"><input type=\"hidden\" id=\"audio_nonce\" value=\"533fbb67b1\">","protected":false},"excerpt":{"rendered":"<p>N\u00famero de casos registrados na primeira semana do ano \u00e9 36,6% maior em rela\u00e7\u00e3o a 2024. A Secretaria Municipal de&hellip;<\/p>\n","protected":false},"author":1,"featured_media":3960,"comment_status":"closed","ping_status":"open","sticky":false,"template":"","format":"standard","meta":{"sfsi_plus_gutenberg_text_before_share":"","sfsi_plus_gutenberg_show_text_before_share":"","sfsi_plus_gutenberg_icon_type":"","sfsi_plus_gutenberg_icon_alignemt":"","sfsi_plus_gutenburg_max_per_row":"","footnotes":""},"categories":[5,10,1],"tags":[],"class_list":["post-3958","post","type-post","status-publish","format-standard","has-post-thumbnail","hentry","category-ourinhos","category-destaques","category-noticias"],"_links":{"self":[{"href":"https:\/\/noticiasregionais.com.br\/index.php?rest_route=\/wp\/v2\/posts\/3958","targetHints":{"allow":["GET"]}}],"collection":[{"href":"https:\/\/noticiasregionais.com.br\/index.php?rest_route=\/wp\/v2\/posts"}],"about":[{"href":"https:\/\/noticiasregionais.com.br\/index.php?rest_route=\/wp\/v2\/types\/post"}],"author":[{"embeddable":true,"href":"https:\/\/noticiasregionais.com.br\/index.php?rest_route=\/wp\/v2\/users\/1"}],"replies":[{"embeddable":true,"href":"https:\/\/noticiasregionais.com.br\/index.php?rest_route=%2Fwp%2Fv2%2Fcomments&post=3958"}],"version-history":[{"count":1,"href":"https:\/\/noticiasregionais.com.br\/index.php?rest_route=\/wp\/v2\/posts\/3958\/revisions"}],"predecessor-version":[{"id":3961,"href":"https:\/\/noticiasregionais.com.br\/index.php?rest_route=\/wp\/v2\/posts\/3958\/revisions\/3961"}],"wp:featuredmedia":[{"embeddable":true,"href":"https:\/\/noticiasregionais.com.br\/index.php?rest_route=\/wp\/v2\/media\/3960"}],"wp:attachment":[{"href":"https:\/\/noticiasregionais.com.br\/index.php?rest_route=%2Fwp%2Fv2%2Fmedia&parent=3958"}],"wp:term":[{"taxonomy":"category","embeddable":true,"href":"https:\/\/noticiasregionais.com.br\/index.php?rest_route=%2Fwp%2Fv2%2Fcategories&post=3958"},{"taxonomy":"post_tag","embeddable":true,"href":"https:\/\/noticiasregionais.com.br\/index.php?rest_route=%2Fwp%2Fv2%2Ftags&post=3958"}],"curies":[{"name":"wp","href":"https:\/\/api.w.org\/{rel}","templated":true}]}}