{"id":3962,"date":"2025-01-07T12:47:37","date_gmt":"2025-01-07T15:47:37","guid":{"rendered":"https:\/\/noticiasregionais.com.br\/?p=3962"},"modified":"2025-01-07T12:47:40","modified_gmt":"2025-01-07T15:47:40","slug":"prf-resgata-tres-adolescentes-na-br-369-em-ibipora-e-alerta-para-os-riscos-de-pegar-carona","status":"publish","type":"post","link":"https:\/\/noticiasregionais.com.br\/?p=3962","title":{"rendered":"PRF Resgata Tr\u00eas Adolescentes na BR-369 em Ibipor\u00e3 e Alerta para os Riscos de Pegar Carona"},"content":{"rendered":"\n<p>Na manh\u00e3 de segunda-feira (6), agentes da Pol\u00edcia Rodovi\u00e1ria Federal (PRF) resgataram tr\u00eas adolescentes caminhando \u00e0s margens da BR-369, em Ibipor\u00e3, Paran\u00e1. As jovens, de 12, 15 e 17 anos, relataram ter aceitado carona de dois homens, que as deixaram a mais de 50 km de suas resid\u00eancias. Felizmente, n\u00e3o relataram agress\u00f5es ou outros tipos de viol\u00eancia. O Conselho Tutelar foi acionado e assumiu a responsabilidade de reintegr\u00e1-las \u00e0s suas fam\u00edlias.<\/p>\n\n\n\n<p><strong>Perigos Associados a Caronas para Adolescentes<\/strong><\/p>\n\n\n\n<p>Aceitar caronas de desconhecidos \u00e9 uma pr\u00e1tica que exp\u00f5e adolescentes a diversos riscos, incluindo viol\u00eancia f\u00edsica e sexual. Especialistas alertam que, embora possa parecer uma solu\u00e7\u00e3o r\u00e1pida para deslocamentos, essa conduta pode resultar em situa\u00e7\u00f5es perigosas. Casos de viol\u00eancia contra jovens que aceitaram caronas t\u00eam sido registrados, evidenciando a vulnerabilidade a que est\u00e3o expostos.<\/p>\n\n\n\n<p><strong>Estat\u00edsticas Alarmantes de Viol\u00eancia Sexual contra Adolescentes no Brasil<\/strong><\/p>\n\n\n\n<p>Dados recentes destacam a gravidade da viol\u00eancia sexual contra crian\u00e7as e adolescentes no pa\u00eds. Entre 2015 e 2021, foram notificados 202.948 casos de viol\u00eancia sexual nessa faixa et\u00e1ria, sendo 83.571 contra crian\u00e7as e 119.377 contra adolescentes. Em 2021, o n\u00famero de notifica\u00e7\u00f5es atingiu o pico, com 35.196 casos registrados.<\/p>\n\n\n\n<p>Al\u00e9m disso, informa\u00e7\u00f5es do Minist\u00e9rio dos Direitos Humanos e da Cidadania indicam que, nos primeiros quatro meses de 2023, o Disque 100 registrou mais de 17,5 mil viola\u00e7\u00f5es sexuais contra crian\u00e7as e adolescentes, representando um aumento de 68% em rela\u00e7\u00e3o ao mesmo per\u00edodo de 2022.<\/p>\n\n\n\n<p><strong>Recomenda\u00e7\u00f5es para a Seguran\u00e7a dos Adolescentes<\/strong><\/p>\n\n\n\n<p>Diante desse cen\u00e1rio, \u00e9 crucial que adolescentes sejam orientados a evitar aceitar caronas de desconhecidos e a adotar medidas de seguran\u00e7a em seus deslocamentos. Pais e respons\u00e1veis devem manter di\u00e1logo aberto sobre os perigos potenciais e incentivar o uso de meios de transporte seguros. Em casos de emerg\u00eancia ou suspeita de viol\u00eancia, \u00e9 fundamental acionar as autoridades competentes imediatamente.<\/p>\n\n\n\n<p><strong>Conclus\u00e3o<\/strong><\/p>\n\n\n\n<p>O incidente na BR-369 serve como um alerta sobre os riscos associados \u00e0 pr\u00e1tica de pegar carona, especialmente entre adolescentes. A conscientiza\u00e7\u00e3o e a preven\u00e7\u00e3o s\u00e3o essenciais para garantir a seguran\u00e7a dos jovens e reduzir a incid\u00eancia de crimes sexuais no pa\u00eds.<\/p>\n<input type=\"hidden\" id=\"baseurl\" value=\"https:\/\/noticiasregionais.com.br\"><input type=\"hidden\" id=\"audio_nonce\" value=\"533fbb67b1\">","protected":false},"excerpt":{"rendered":"<p>Na manh\u00e3 de segunda-feira (6), agentes da Pol\u00edcia Rodovi\u00e1ria Federal (PRF) resgataram tr\u00eas adolescentes caminhando \u00e0s margens da BR-369, em&hellip;<\/p>\n","protected":false},"author":1,"featured_media":3963,"comment_status":"closed","ping_status":"open","sticky":false,"template":"","format":"standard","meta":{"sfsi_plus_gutenberg_text_before_share":"","sfsi_plus_gutenberg_show_text_before_share":"","sfsi_plus_gutenberg_icon_type":"","sfsi_plus_gutenberg_icon_alignemt":"","sfsi_plus_gutenburg_max_per_row":"","footnotes":""},"categories":[7,12,1],"tags":[],"class_list":["post-3962","post","type-post","status-publish","format-standard","has-post-thumbnail","hentry","category-parana","category-capa","category-noticias"],"_links":{"self":[{"href":"https:\/\/noticiasregionais.com.br\/index.php?rest_route=\/wp\/v2\/posts\/3962","targetHints":{"allow":["GET"]}}],"collection":[{"href":"https:\/\/noticiasregionais.com.br\/index.php?rest_route=\/wp\/v2\/posts"}],"about":[{"href":"https:\/\/noticiasregionais.com.br\/index.php?rest_route=\/wp\/v2\/types\/post"}],"author":[{"embeddable":true,"href":"https:\/\/noticiasregionais.com.br\/index.php?rest_route=\/wp\/v2\/users\/1"}],"replies":[{"embeddable":true,"href":"https:\/\/noticiasregionais.com.br\/index.php?rest_route=%2Fwp%2Fv2%2Fcomments&post=3962"}],"version-history":[{"count":1,"href":"https:\/\/noticiasregionais.com.br\/index.php?rest_route=\/wp\/v2\/posts\/3962\/revisions"}],"predecessor-version":[{"id":3964,"href":"https:\/\/noticiasregionais.com.br\/index.php?rest_route=\/wp\/v2\/posts\/3962\/revisions\/3964"}],"wp:featuredmedia":[{"embeddable":true,"href":"https:\/\/noticiasregionais.com.br\/index.php?rest_route=\/wp\/v2\/media\/3963"}],"wp:attachment":[{"href":"https:\/\/noticiasregionais.com.br\/index.php?rest_route=%2Fwp%2Fv2%2Fmedia&parent=3962"}],"wp:term":[{"taxonomy":"category","embeddable":true,"href":"https:\/\/noticiasregionais.com.br\/index.php?rest_route=%2Fwp%2Fv2%2Fcategories&post=3962"},{"taxonomy":"post_tag","embeddable":true,"href":"https:\/\/noticiasregionais.com.br\/index.php?rest_route=%2Fwp%2Fv2%2Ftags&post=3962"}],"curies":[{"name":"wp","href":"https:\/\/api.w.org\/{rel}","templated":true}]}}