{"id":3965,"date":"2025-01-08T12:01:12","date_gmt":"2025-01-08T15:01:12","guid":{"rendered":"https:\/\/noticiasregionais.com.br\/?p=3965"},"modified":"2025-01-08T12:08:06","modified_gmt":"2025-01-08T15:08:06","slug":"prefeito-de-ourinhos-toma-medidas-para-ajustar-contas-e-garantir-transparencia","status":"publish","type":"post","link":"https:\/\/noticiasregionais.com.br\/?p=3965","title":{"rendered":"Prefeito de Ourinhos toma medidas para ajustar contas e garantir transpar\u00eancia"},"content":{"rendered":"\n<p>A Prefeitura de Ourinhos publicou nesta ter\u00e7a-feira (7) dois decretos importantes que buscam organizar as contas do munic\u00edpio, corrigir irregularidades e garantir a transpar\u00eancia no uso do dinheiro p\u00fablico. As decis\u00f5es foram tomadas pelo prefeito Guilherme Andrew Gon\u00e7alves da Silva e envolvem uma an\u00e1lise minuciosa das d\u00edvidas e contratos da administra\u00e7\u00e3o.<\/p>\n\n\n\n<h3 class=\"wp-block-heading\"><strong>Decreto 7.983: Avalia\u00e7\u00e3o das d\u00edvidas do munic\u00edpio<\/strong><\/h3>\n\n\n\n<p>O primeiro decreto criou uma Comiss\u00e3o Extraordin\u00e1ria para revisar as d\u00edvidas do munic\u00edpio inscritas como &#8220;Restos a Pagar&#8221;. Essas d\u00edvidas, que ultrapassam R$ 7,3 milh\u00f5es, foram encontradas pela nova gest\u00e3o sem comprova\u00e7\u00e3o clara de validade e sem garantia financeira para o pagamento.<\/p>\n\n\n\n<p>A comiss\u00e3o ter\u00e1 30 dias para verificar se as despesas realmente foram feitas e se cumprem as exig\u00eancias legais. Durante esse per\u00edodo, a Prefeitura suspendeu temporariamente os pagamentos dessas d\u00edvidas, exceto para sal\u00e1rios e encargos trabalhistas. A ideia \u00e9 garantir que s\u00f3 sejam pagos valores legais e corretos, evitando preju\u00edzos \u00e0 popula\u00e7\u00e3o.<\/p>\n\n\n\n<p>Al\u00e9m disso, o decreto autoriza a quebra da ordem cronol\u00f3gica dos pagamentos \u2014 ou seja, a Prefeitura poder\u00e1 priorizar despesas mais urgentes, como servi\u00e7os essenciais, em vez de seguir a ordem em que as d\u00edvidas foram registradas.<\/p>\n\n\n\n<h3 class=\"wp-block-heading\"><strong>Decreto 7.984: Revis\u00e3o de contratos e conv\u00eanios<\/strong><\/h3>\n\n\n\n<p>O segundo decreto suspende, por 20 dias, o pagamento de contratos, conv\u00eanios e parcerias da administra\u00e7\u00e3o municipal. Durante esse per\u00edodo, a Prefeitura far\u00e1 uma an\u00e1lise rigorosa para verificar poss\u00edveis irregularidades, como superfaturamento, descumprimento de cl\u00e1usulas ou falta de documentos obrigat\u00f3rios.<\/p>\n\n\n\n<p>A suspens\u00e3o n\u00e3o afeta servi\u00e7os essenciais, como sa\u00fade e outros considerados indispens\u00e1veis. A an\u00e1lise ser\u00e1 conduzida pela Secretaria Municipal de Planejamento, em conjunto com outros \u00f3rg\u00e3os respons\u00e1veis. Ap\u00f3s a revis\u00e3o, a Prefeitura decidir\u00e1 se mant\u00e9m, ajusta ou rescinde os contratos.<\/p>\n\n\n\n<h3 class=\"wp-block-heading\"><strong>Por que isso \u00e9 importante?<\/strong><\/h3>\n\n\n\n<p>Essas medidas t\u00eam como objetivo organizar as contas da cidade e garantir que o dinheiro p\u00fablico seja usado com responsabilidade. A urg\u00eancia imposta pelos antigos gestores em contrair d\u00edvidas e renovar coopera\u00e7\u00f5es, \u00e0s v\u00e9speras do final de 2024 causaram um temor pela lisura desses processos e suspeitas de irregularidades, tornando imprescind\u00edvel uma revis\u00e3o cuidadosa de todos os gastos e contratos do munic\u00edpio.<\/p>\n\n\n\n<p>As decis\u00f5es podem gerar transtornos tempor\u00e1rios, mas s\u00e3o necess\u00e1rias para assegurar que os recursos municipais sejam usados de forma legal e em benef\u00edcio da popula\u00e7\u00e3o.<\/p>\n\n\n\n<p>Com isso, a Prefeitura de Ourinhos refor\u00e7a o compromisso com a transpar\u00eancia e o respeito \u00e0s leis, buscando regularizar a situa\u00e7\u00e3o financeira e retomar os servi\u00e7os p\u00fablicos com seguran\u00e7a.<\/p>\n<input type=\"hidden\" id=\"baseurl\" value=\"https:\/\/noticiasregionais.com.br\"><input type=\"hidden\" id=\"audio_nonce\" value=\"533fbb67b1\">","protected":false},"excerpt":{"rendered":"<p>A Prefeitura de Ourinhos publicou nesta ter\u00e7a-feira (7) dois decretos importantes que buscam organizar as contas do munic\u00edpio, corrigir irregularidades&hellip;<\/p>\n","protected":false},"author":1,"featured_media":3896,"comment_status":"closed","ping_status":"open","sticky":false,"template":"","format":"standard","meta":{"sfsi_plus_gutenberg_text_before_share":"","sfsi_plus_gutenberg_show_text_before_share":"","sfsi_plus_gutenberg_icon_type":"","sfsi_plus_gutenberg_icon_alignemt":"","sfsi_plus_gutenburg_max_per_row":"","footnotes":""},"categories":[5,12,1],"tags":[],"class_list":["post-3965","post","type-post","status-publish","format-standard","has-post-thumbnail","hentry","category-ourinhos","category-capa","category-noticias"],"_links":{"self":[{"href":"https:\/\/noticiasregionais.com.br\/index.php?rest_route=\/wp\/v2\/posts\/3965","targetHints":{"allow":["GET"]}}],"collection":[{"href":"https:\/\/noticiasregionais.com.br\/index.php?rest_route=\/wp\/v2\/posts"}],"about":[{"href":"https:\/\/noticiasregionais.com.br\/index.php?rest_route=\/wp\/v2\/types\/post"}],"author":[{"embeddable":true,"href":"https:\/\/noticiasregionais.com.br\/index.php?rest_route=\/wp\/v2\/users\/1"}],"replies":[{"embeddable":true,"href":"https:\/\/noticiasregionais.com.br\/index.php?rest_route=%2Fwp%2Fv2%2Fcomments&post=3965"}],"version-history":[{"count":2,"href":"https:\/\/noticiasregionais.com.br\/index.php?rest_route=\/wp\/v2\/posts\/3965\/revisions"}],"predecessor-version":[{"id":3968,"href":"https:\/\/noticiasregionais.com.br\/index.php?rest_route=\/wp\/v2\/posts\/3965\/revisions\/3968"}],"wp:featuredmedia":[{"embeddable":true,"href":"https:\/\/noticiasregionais.com.br\/index.php?rest_route=\/wp\/v2\/media\/3896"}],"wp:attachment":[{"href":"https:\/\/noticiasregionais.com.br\/index.php?rest_route=%2Fwp%2Fv2%2Fmedia&parent=3965"}],"wp:term":[{"taxonomy":"category","embeddable":true,"href":"https:\/\/noticiasregionais.com.br\/index.php?rest_route=%2Fwp%2Fv2%2Fcategories&post=3965"},{"taxonomy":"post_tag","embeddable":true,"href":"https:\/\/noticiasregionais.com.br\/index.php?rest_route=%2Fwp%2Fv2%2Ftags&post=3965"}],"curies":[{"name":"wp","href":"https:\/\/api.w.org\/{rel}","templated":true}]}}