{"id":397,"date":"2023-09-15T23:25:04","date_gmt":"2023-09-16T02:25:04","guid":{"rendered":"https:\/\/noticiasregionais.com.br\/?p=397"},"modified":"2023-09-15T23:25:04","modified_gmt":"2023-09-16T02:25:04","slug":"forca-tatica-detem-2-transexuais-por-roubo-em-ourinhos","status":"publish","type":"post","link":"https:\/\/noticiasregionais.com.br\/?p=397","title":{"rendered":"For\u00e7a T\u00e1tica det\u00eam 2 transexuais por roubo em Ourinhos"},"content":{"rendered":"\n<p>Duas transexuais, identificadas como Bianca, de 29 anos, e Natacha, de 22 anos, foram detidas em Ourinhos, no interior de S\u00e3o Paulo, na noite de quinta-feira (14), acusadas de roubo.<\/p>\n\n\n\n<p>De acordo com a Pol\u00edcia Civil, a equipe de For\u00e7a T\u00e1tica realizava patrulhamento na \u00e1rea central da cidade quando recebeu uma den\u00fancia de que as duas mulheres estariam escondidas na Rua Domingos Belei, no Jardim Nossa Senhora de F\u00e1tima.<\/p>\n\n\n\n<p>No local, os policiais encontraram Bianca e Natacha, que relataram ter se envolvido em uma discuss\u00e3o com a v\u00edtima, um homem de 58 anos, ap\u00f3s um programa.<\/p>\n\n\n\n<p>Segundo o relato da v\u00edtima, Bianca retirou a chave do ve\u00edculo dele e, ao mesmo tempo, Natacha e um terceiro indiv\u00edduo n\u00e3o identificado o surpreenderam. O homem alegava estar armado dando um soco no nariz dele.<\/p>\n\n\n\n<p>Natacha teria segurado no bra\u00e7o da v\u00edtima e aberto a porta da van pegando a carteira que estava no suporte da porta do motorista. Bianca revirava os compartimentos do ve\u00edculo em busca de objetos de valor. Ap\u00f3s o roubo da carteira, os tr\u00eas fugiram em dire\u00e7\u00e3o desconhecida.<\/p>\n\n\n\n<p>As suspeitas, Bianca e Natacha, foram detidas e receberam voz de pris\u00e3o por roubo. Elas foram autuadas em flagrante delito pelo crime de roubo.<\/p>\n\n\n\n<p>A quantia de R$ 850, encontrada com as suspeitas, foi apreendida e devolvida \u00e0 v\u00edtima.<\/p>\n\n\n\n<p>As acusadas foram mantidas sob cust\u00f3dia em uma das celas do plant\u00e3o policial, na CPJ de Ourinhos, aguardando uma audi\u00eancia de cust\u00f3dia.<\/p>\n\n\n\n<p><strong>Pol\u00edcia Civil investiga participa\u00e7\u00e3o de terceiro<\/strong><\/p>\n\n\n\n<p>A Pol\u00edcia Civil investiga a participa\u00e7\u00e3o de um terceiro indiv\u00edduo no roubo. O homem n\u00e3o identificado ainda n\u00e3o foi localizado.<\/p>\n\n\n\n<p>A pol\u00edcia tamb\u00e9m investiga se Bianca e Natacha teriam praticado outros crimes na regi\u00e3o.<\/p>\n<input type=\"hidden\" id=\"baseurl\" value=\"https:\/\/noticiasregionais.com.br\"><input type=\"hidden\" id=\"audio_nonce\" value=\"533fbb67b1\">","protected":false},"excerpt":{"rendered":"<p>Duas transexuais, identificadas como Bianca, de 29 anos, e Natacha, de 22 anos, foram detidas em Ourinhos, no interior de&hellip;<\/p>\n","protected":false},"author":1,"featured_media":398,"comment_status":"closed","ping_status":"open","sticky":false,"template":"","format":"standard","meta":{"sfsi_plus_gutenberg_text_before_share":"","sfsi_plus_gutenberg_show_text_before_share":"","sfsi_plus_gutenberg_icon_type":"","sfsi_plus_gutenberg_icon_alignemt":"","sfsi_plus_gutenburg_max_per_row":"","footnotes":""},"categories":[5,12,1],"tags":[],"class_list":["post-397","post","type-post","status-publish","format-standard","has-post-thumbnail","hentry","category-ourinhos","category-capa","category-noticias"],"_links":{"self":[{"href":"https:\/\/noticiasregionais.com.br\/index.php?rest_route=\/wp\/v2\/posts\/397","targetHints":{"allow":["GET"]}}],"collection":[{"href":"https:\/\/noticiasregionais.com.br\/index.php?rest_route=\/wp\/v2\/posts"}],"about":[{"href":"https:\/\/noticiasregionais.com.br\/index.php?rest_route=\/wp\/v2\/types\/post"}],"author":[{"embeddable":true,"href":"https:\/\/noticiasregionais.com.br\/index.php?rest_route=\/wp\/v2\/users\/1"}],"replies":[{"embeddable":true,"href":"https:\/\/noticiasregionais.com.br\/index.php?rest_route=%2Fwp%2Fv2%2Fcomments&post=397"}],"version-history":[{"count":1,"href":"https:\/\/noticiasregionais.com.br\/index.php?rest_route=\/wp\/v2\/posts\/397\/revisions"}],"predecessor-version":[{"id":399,"href":"https:\/\/noticiasregionais.com.br\/index.php?rest_route=\/wp\/v2\/posts\/397\/revisions\/399"}],"wp:featuredmedia":[{"embeddable":true,"href":"https:\/\/noticiasregionais.com.br\/index.php?rest_route=\/wp\/v2\/media\/398"}],"wp:attachment":[{"href":"https:\/\/noticiasregionais.com.br\/index.php?rest_route=%2Fwp%2Fv2%2Fmedia&parent=397"}],"wp:term":[{"taxonomy":"category","embeddable":true,"href":"https:\/\/noticiasregionais.com.br\/index.php?rest_route=%2Fwp%2Fv2%2Fcategories&post=397"},{"taxonomy":"post_tag","embeddable":true,"href":"https:\/\/noticiasregionais.com.br\/index.php?rest_route=%2Fwp%2Fv2%2Ftags&post=397"}],"curies":[{"name":"wp","href":"https:\/\/api.w.org\/{rel}","templated":true}]}}