{"id":3972,"date":"2025-01-08T13:11:15","date_gmt":"2025-01-08T16:11:15","guid":{"rendered":"https:\/\/noticiasregionais.com.br\/?p=3972"},"modified":"2025-01-08T13:22:45","modified_gmt":"2025-01-08T16:22:45","slug":"caminhao-com-carga-de-mdf-tomba-em-rodovia-e-causa-interrupcao-no-trafego","status":"publish","type":"post","link":"https:\/\/noticiasregionais.com.br\/?p=3972","title":{"rendered":"Caminh\u00e3o com carga de MDF tomba em rodovia e causa interrup\u00e7\u00e3o no tr\u00e1fego"},"content":{"rendered":"\n<p>Um caminh\u00e3o carregado com placas de MDF tombou na manh\u00e3 desta quarta-feira (08) na rodovia que liga Mar\u00edlia a Ourinhos, no interior de S\u00e3o Paulo. O acidente ocorreu por volta das 10h30, quando o ve\u00edculo, que seguia no sentido Mar\u00edlia\/Ourinhos, cruzou a pista contr\u00e1ria e tombou, bloqueando parcialmente o tr\u00e1fego no sentido Ourinhos\/Mar\u00edlia.<\/p>\n\n\n\n<p>Felizmente, o condutor do caminh\u00e3o saiu ileso, e n\u00e3o houve registro de outras v\u00edtimas. A concession\u00e1ria respons\u00e1vel pela administra\u00e7\u00e3o da rodovia foi acionada e iniciou a opera\u00e7\u00e3o pare-siga para controlar o fluxo de ve\u00edculos, minimizando os transtornos para os motoristas que transitavam pelo local.<\/p>\n\n\n\n<p>Equipes de atendimento trabalharam na remo\u00e7\u00e3o do ve\u00edculo e na libera\u00e7\u00e3o total da pista. A recomenda\u00e7\u00e3o aos condutores \u00e9 redobrar a aten\u00e7\u00e3o ao passar pela regi\u00e3o at\u00e9 a normaliza\u00e7\u00e3o completa do tr\u00e1fego. As causas do acidente ainda est\u00e3o sendo apuradas.<\/p>\n<input type=\"hidden\" id=\"baseurl\" value=\"https:\/\/noticiasregionais.com.br\"><input type=\"hidden\" id=\"audio_nonce\" value=\"533fbb67b1\">","protected":false},"excerpt":{"rendered":"<p>Um caminh\u00e3o carregado com placas de MDF tombou na manh\u00e3 desta quarta-feira (08) na rodovia que liga Mar\u00edlia a Ourinhos,&hellip;<\/p>\n","protected":false},"author":1,"featured_media":3973,"comment_status":"closed","ping_status":"open","sticky":false,"template":"","format":"standard","meta":{"sfsi_plus_gutenberg_text_before_share":"","sfsi_plus_gutenberg_show_text_before_share":"","sfsi_plus_gutenberg_icon_type":"","sfsi_plus_gutenberg_icon_alignemt":"","sfsi_plus_gutenburg_max_per_row":"","footnotes":""},"categories":[1,10,6],"tags":[],"class_list":["post-3972","post","type-post","status-publish","format-standard","has-post-thumbnail","hentry","category-noticias","category-destaques","category-sao_paulo"],"_links":{"self":[{"href":"https:\/\/noticiasregionais.com.br\/index.php?rest_route=\/wp\/v2\/posts\/3972","targetHints":{"allow":["GET"]}}],"collection":[{"href":"https:\/\/noticiasregionais.com.br\/index.php?rest_route=\/wp\/v2\/posts"}],"about":[{"href":"https:\/\/noticiasregionais.com.br\/index.php?rest_route=\/wp\/v2\/types\/post"}],"author":[{"embeddable":true,"href":"https:\/\/noticiasregionais.com.br\/index.php?rest_route=\/wp\/v2\/users\/1"}],"replies":[{"embeddable":true,"href":"https:\/\/noticiasregionais.com.br\/index.php?rest_route=%2Fwp%2Fv2%2Fcomments&post=3972"}],"version-history":[{"count":1,"href":"https:\/\/noticiasregionais.com.br\/index.php?rest_route=\/wp\/v2\/posts\/3972\/revisions"}],"predecessor-version":[{"id":3974,"href":"https:\/\/noticiasregionais.com.br\/index.php?rest_route=\/wp\/v2\/posts\/3972\/revisions\/3974"}],"wp:featuredmedia":[{"embeddable":true,"href":"https:\/\/noticiasregionais.com.br\/index.php?rest_route=\/wp\/v2\/media\/3973"}],"wp:attachment":[{"href":"https:\/\/noticiasregionais.com.br\/index.php?rest_route=%2Fwp%2Fv2%2Fmedia&parent=3972"}],"wp:term":[{"taxonomy":"category","embeddable":true,"href":"https:\/\/noticiasregionais.com.br\/index.php?rest_route=%2Fwp%2Fv2%2Fcategories&post=3972"},{"taxonomy":"post_tag","embeddable":true,"href":"https:\/\/noticiasregionais.com.br\/index.php?rest_route=%2Fwp%2Fv2%2Ftags&post=3972"}],"curies":[{"name":"wp","href":"https:\/\/api.w.org\/{rel}","templated":true}]}}