{"id":3975,"date":"2025-01-08T13:40:24","date_gmt":"2025-01-08T16:40:24","guid":{"rendered":"https:\/\/noticiasregionais.com.br\/?p=3975"},"modified":"2025-01-08T13:40:36","modified_gmt":"2025-01-08T16:40:36","slug":"alunos-da-rede-estadual-de-sp-ficarao-3-meses-estudando-e-hospedados-em-casas-de-familias-no-reino-unido","status":"publish","type":"post","link":"https:\/\/noticiasregionais.com.br\/?p=3975","title":{"rendered":"Alunos da rede estadual de SP ficar\u00e3o 3 meses estudando e hospedados em casas de fam\u00edlias no Reino Unido"},"content":{"rendered":"\n<h4 class=\"wp-block-heading has-text-align-center\">Primeiros estudantes do interc\u00e2mbio Prontos pro Mundo embarcam nesta quinta-feira (09)<\/h4>\n\n\n\n<p>Os primeiros 38 estudantes do programa Prontos Pro Mundo, interc\u00e2mbio da Secretaria da Educa\u00e7\u00e3o do Estado de S\u00e3o Paulo (Seduc-SP), embarcam para o Reino Unido nesta quinta-feira (9).<\/p>\n\n\n\n<p>O Prontos pro Mundo \u00e9 uma iniciativa in\u00e9dita de interc\u00e2mbio do Governo do Estado de S\u00e3o Paulo, promovida pela Seduc-SP. At\u00e9 o segundo semestre deste ano, o programa enviar\u00e1 1.000 estudantes para pa\u00edses de l\u00edngua inglesa, como Reino Unido, Nova Zel\u00e2ndia, Canad\u00e1 e Austr\u00e1lia.<\/p>\n\n\n\n<p>Durante o interc\u00e2mbio, com dura\u00e7\u00e3o de tr\u00eas meses, os alunos ficar\u00e3o hospedados em casas de fam\u00edlia, com objetivo de vivenciar e ampliar conhecimentos sobre a cultura local.<\/p>\n\n\n\n<p>Para a primeira viagem do Prontos pro Mundo, os estudantes devem chegar ao aeroporto de Guarulhos nesta quinta-feira (09), a partir das 11h para o check-in e se encontrar\u00e3o com a equipe da Educa\u00e7\u00e3o no terminal 2.<\/p>\n\n\n\n<p>A aluna Jheniffer Vitoria Pereira da Silva, da cidade de Pirassununga, est\u00e1 entre os adolescentes que embarcam nesta quinta-feira. \u201cEstou super ansiosa, confesso que est\u00e1 sendo uma experi\u00eancia \u00fanica, um friozinho na barriga. \u00c9 uma experi\u00eancia \u00fanica, quero conhecer muitas pessoas e tamb\u00e9m dar orgulho \u00e0 minha fam\u00edlia e alcan\u00e7ar minhas metas\u201d, afirma.<\/p>\n\n\n\n<p>Um novo embarque para o Reino Unido est\u00e1 marcado para a pr\u00f3xima segunda-feira, dia 13 de janeiro. Miguel Jardin Santos, de Ribeir\u00e3o Preto, embarca na pr\u00f3xima semana. A m\u00e3e dele, Ruth Oliveira Jardin Santos, ressaltou o Prontos pro Mundo. \u201cEu vejo o programa como uma forma de reconhecimento, pelo empenho e dedica\u00e7\u00e3o desses estudantes. \u00c9 um programa que chegou para valorizar a educa\u00e7\u00e3o p\u00fablica. Esse interc\u00e2mbio vem para enriquecer a caminhada dessa garotada na busca pelo conhecimento\u201d, destacou.<\/p>\n\n\n\n<p>Os embarques para a Nova Zel\u00e2ndia, Canad\u00e1 e Austr\u00e1lia acontecem entre janeiro e abril. Em breve, a Educa\u00e7\u00e3o divulgar\u00e1 a lista dos 500 selecionados para o interc\u00e2mbio do segundo semestre.<br>Malas prontas<\/p>\n\n\n\n<p>A equipe do programa Prontos pro Mundo organizou na ter\u00e7a-feira (07) uma \u00faltima live antes do embarque e destacou aos estudantes quais documentos e itens n\u00e3o podem ser deixados para tr\u00e1s, como o RG, passaporte, autoriza\u00e7\u00e3o para viagens nacional (para a ida at\u00e9 o aeroporto) e internacional e c\u00f3pia dos documentos dos pais.<\/p>\n\n\n\n<p>Para a viagem, todos os estudantes j\u00e1 receberam seus cart\u00f5es que ser\u00e3o utilizados internacionalmente e receber\u00e3o, antes do embarque, os agasalhos pr\u00f3prios para o clima do pa\u00eds. Os alunos ainda foram informados sobre os limites de bagagens, sobre transporte de medicamentos e lembrados sobre seus adaptadores de tomada.<\/p>\n<input type=\"hidden\" id=\"baseurl\" value=\"https:\/\/noticiasregionais.com.br\"><input type=\"hidden\" id=\"audio_nonce\" value=\"533fbb67b1\">","protected":false},"excerpt":{"rendered":"<p>Primeiros estudantes do interc\u00e2mbio Prontos pro Mundo embarcam nesta quinta-feira (09) Os primeiros 38 estudantes do programa Prontos Pro Mundo,&hellip;<\/p>\n","protected":false},"author":1,"featured_media":3976,"comment_status":"closed","ping_status":"open","sticky":false,"template":"","format":"standard","meta":{"sfsi_plus_gutenberg_text_before_share":"","sfsi_plus_gutenberg_show_text_before_share":"","sfsi_plus_gutenberg_icon_type":"","sfsi_plus_gutenberg_icon_alignemt":"","sfsi_plus_gutenburg_max_per_row":"","footnotes":""},"categories":[6,10,1],"tags":[],"class_list":["post-3975","post","type-post","status-publish","format-standard","has-post-thumbnail","hentry","category-sao_paulo","category-destaques","category-noticias"],"_links":{"self":[{"href":"https:\/\/noticiasregionais.com.br\/index.php?rest_route=\/wp\/v2\/posts\/3975","targetHints":{"allow":["GET"]}}],"collection":[{"href":"https:\/\/noticiasregionais.com.br\/index.php?rest_route=\/wp\/v2\/posts"}],"about":[{"href":"https:\/\/noticiasregionais.com.br\/index.php?rest_route=\/wp\/v2\/types\/post"}],"author":[{"embeddable":true,"href":"https:\/\/noticiasregionais.com.br\/index.php?rest_route=\/wp\/v2\/users\/1"}],"replies":[{"embeddable":true,"href":"https:\/\/noticiasregionais.com.br\/index.php?rest_route=%2Fwp%2Fv2%2Fcomments&post=3975"}],"version-history":[{"count":1,"href":"https:\/\/noticiasregionais.com.br\/index.php?rest_route=\/wp\/v2\/posts\/3975\/revisions"}],"predecessor-version":[{"id":3977,"href":"https:\/\/noticiasregionais.com.br\/index.php?rest_route=\/wp\/v2\/posts\/3975\/revisions\/3977"}],"wp:featuredmedia":[{"embeddable":true,"href":"https:\/\/noticiasregionais.com.br\/index.php?rest_route=\/wp\/v2\/media\/3976"}],"wp:attachment":[{"href":"https:\/\/noticiasregionais.com.br\/index.php?rest_route=%2Fwp%2Fv2%2Fmedia&parent=3975"}],"wp:term":[{"taxonomy":"category","embeddable":true,"href":"https:\/\/noticiasregionais.com.br\/index.php?rest_route=%2Fwp%2Fv2%2Fcategories&post=3975"},{"taxonomy":"post_tag","embeddable":true,"href":"https:\/\/noticiasregionais.com.br\/index.php?rest_route=%2Fwp%2Fv2%2Ftags&post=3975"}],"curies":[{"name":"wp","href":"https:\/\/api.w.org\/{rel}","templated":true}]}}