{"id":3981,"date":"2025-01-10T13:21:03","date_gmt":"2025-01-10T16:21:03","guid":{"rendered":"https:\/\/noticiasregionais.com.br\/?p=3981"},"modified":"2025-01-10T14:38:07","modified_gmt":"2025-01-10T17:38:07","slug":"chantagem-e-falta-de-inovacao-diz-caiado-sobre-decreto-que-limita-atuacao-das-forcas-de-seguranca","status":"publish","type":"post","link":"https:\/\/noticiasregionais.com.br\/?p=3981","title":{"rendered":"\u201cChantagem e falta de inova\u00e7\u00e3o\u201d, diz Caiado sobre decreto que limita atua\u00e7\u00e3o das for\u00e7as de seguran\u00e7a"},"content":{"rendered":"\n<h4 class=\"wp-block-heading has-text-align-center\">Em entrevista \u00e0 Jovem Pan, governador de Goi\u00e1s critica documento e diz que regra tenta \u201cdemonizar a figura do policial\u201d<\/h4>\n\n\n\n<p>A maior bandeira do mandato do governador de Goi\u00e1s, Ronaldo Caiado (Uni\u00e3o Brasil) \u2014 a seguran\u00e7a p\u00fablica e o combate ao crime organizado \u2014 est\u00e1 no centro de mais uma pol\u00eamica entre os governadores de oposi\u00e7\u00e3o e o governo Lula. Desta vez, a cr\u00edtica de Caiado \u00e9 sobre o decreto publicado no fim de 2024, que muda a atua\u00e7\u00e3o das for\u00e7as policiais no Brasil.<\/p>\n\n\n\n<p>Em entrevista \u00e0 emissora de TV Jovem Pan, Caiado disse que \u201co decreto vem com uma dose enorme de chantagem, no momento em que diz que n\u00f3s [governo] \u00e9 que vamos definir os procedimentos operacionais padr\u00e3o.\u201d Para o governador goiano, isso j\u00e1 \u00e9 uma regra que existe em todas as pol\u00edcias, n\u00e3o h\u00e1 novidade alguma.&nbsp;<\/p>\n\n\n\n<p>\u201cO que se esperava era algo que viesse em forma de dizer: em rela\u00e7\u00e3o ao crime organizado, n\u00f3s vamos ceder o acesso ao Coaf, vamos dividir as informa\u00e7\u00f5es com as pol\u00edcias dos estados, vamos auxiliar os estados na constru\u00e7\u00e3o de penitenci\u00e1rias, dotar os estados com drones. N\u00f3s esper\u00e1vamos um decreto robusto e n\u00e3o este decreto demag\u00f3gico\u201d, declarou o governador.<\/p>\n\n\n\n<h2 class=\"wp-block-heading\">Governadores unidos<\/h2>\n\n\n\n<p>Logo no in\u00edcio da entrevista, Caiado citou outros governadores que, assim como ele, tamb\u00e9m se opuseram ao decreto, como Mauro Mendes (MT), Ratinho Junior (PR), Romeu Zema (MG) e Tarc\u00edsio de Freitas (SP). Que, inclusive, tr\u00eas dias ap\u00f3s a publica\u00e7\u00e3o do documento, se uniram na divulga\u00e7\u00e3o de uma nota pedindo a revoga\u00e7\u00e3o do decreto.&nbsp;<\/p>\n\n\n\n<p>Outra cr\u00edtica feita pelo gestor diz respeito \u00e0s restri\u00e7\u00f5es que os governos podem sofrer caso n\u00e3o cumpram os termos previstos no documento.&nbsp;<\/p>\n\n\n\n<p>\u201cOs governadores que n\u00e3o cumprirem as normas que n\u00f3s [governo] estipularmos n\u00e3o ter\u00e3o acesso ao Fundo Penitenci\u00e1rio e nem ao Fundo de Seguran\u00e7a P\u00fablica. Isso n\u00e3o constr\u00f3i. Est\u00e3o tentando, cada vez mais, demonizar a figura do policial.\u201d &nbsp;<\/p>\n\n\n\n<p>Outro ponto citado por Caiado foi sobre a For\u00e7a Nacional, que segundo o governador, durante um ano de atua\u00e7\u00e3o no Rio de Janeiro, fez apenas a apreens\u00e3o de uma arma e de 10 mil carteiras de cigarro. Citando este exemplo, Caiado questionou: \u201cComo o Minist\u00e9rio da Justi\u00e7a quer decidir sobre procedimentos sendo que ele est\u00e1 falando de crime de baixo potencial lesivo? N\u00f3s precisamos de batalh\u00f5es especializados em intelig\u00eancia e operacional para conseguir competir com organiza\u00e7\u00f5es [criminosas] que t\u00eam armas que nem n\u00f3s temos.\u201d<\/p>\n\n\n\n<p>Caiado ainda conclui dizendo que o decreto trata-se de \u201calgo demag\u00f3gico, sem resultado pr\u00e1tico e que tenta comprometer a imagem do policial.\u201d&nbsp;<br>&nbsp;<\/p>\n\n\n\n<p>Fonte: <a href=\"https:\/\/brasil61.com\/n\/chantagem-e-falta-de-inovacao-diz-caiado-sobre-decreto-que-limita-atuacao-das-forcas-de-seguranca-bras2513288\" target=\"_blank\" rel=\"noreferrer noopener\">Brasil 61<\/a><\/p>\n<input type=\"hidden\" id=\"baseurl\" value=\"https:\/\/noticiasregionais.com.br\"><input type=\"hidden\" id=\"audio_nonce\" value=\"3cdc555a10\">","protected":false},"excerpt":{"rendered":"<p>Em entrevista \u00e0 Jovem Pan, governador de Goi\u00e1s critica documento e diz que regra tenta \u201cdemonizar a figura do policial\u201d&hellip;<\/p>\n","protected":false},"author":1,"featured_media":3982,"comment_status":"closed","ping_status":"open","sticky":false,"template":"","format":"standard","meta":{"sfsi_plus_gutenberg_text_before_share":"","sfsi_plus_gutenberg_show_text_before_share":"","sfsi_plus_gutenberg_icon_type":"","sfsi_plus_gutenberg_icon_alignemt":"","sfsi_plus_gutenburg_max_per_row":"","footnotes":""},"categories":[1,8,10],"tags":[],"class_list":["post-3981","post","type-post","status-publish","format-standard","has-post-thumbnail","hentry","category-noticias","category-brasil","category-destaques"],"_links":{"self":[{"href":"https:\/\/noticiasregionais.com.br\/index.php?rest_route=\/wp\/v2\/posts\/3981","targetHints":{"allow":["GET"]}}],"collection":[{"href":"https:\/\/noticiasregionais.com.br\/index.php?rest_route=\/wp\/v2\/posts"}],"about":[{"href":"https:\/\/noticiasregionais.com.br\/index.php?rest_route=\/wp\/v2\/types\/post"}],"author":[{"embeddable":true,"href":"https:\/\/noticiasregionais.com.br\/index.php?rest_route=\/wp\/v2\/users\/1"}],"replies":[{"embeddable":true,"href":"https:\/\/noticiasregionais.com.br\/index.php?rest_route=%2Fwp%2Fv2%2Fcomments&post=3981"}],"version-history":[{"count":1,"href":"https:\/\/noticiasregionais.com.br\/index.php?rest_route=\/wp\/v2\/posts\/3981\/revisions"}],"predecessor-version":[{"id":3983,"href":"https:\/\/noticiasregionais.com.br\/index.php?rest_route=\/wp\/v2\/posts\/3981\/revisions\/3983"}],"wp:featuredmedia":[{"embeddable":true,"href":"https:\/\/noticiasregionais.com.br\/index.php?rest_route=\/wp\/v2\/media\/3982"}],"wp:attachment":[{"href":"https:\/\/noticiasregionais.com.br\/index.php?rest_route=%2Fwp%2Fv2%2Fmedia&parent=3981"}],"wp:term":[{"taxonomy":"category","embeddable":true,"href":"https:\/\/noticiasregionais.com.br\/index.php?rest_route=%2Fwp%2Fv2%2Fcategories&post=3981"},{"taxonomy":"post_tag","embeddable":true,"href":"https:\/\/noticiasregionais.com.br\/index.php?rest_route=%2Fwp%2Fv2%2Ftags&post=3981"}],"curies":[{"name":"wp","href":"https:\/\/api.w.org\/{rel}","templated":true}]}}