{"id":3985,"date":"2025-01-10T14:30:25","date_gmt":"2025-01-10T17:30:25","guid":{"rendered":"https:\/\/noticiasregionais.com.br\/?p=3985"},"modified":"2025-01-10T14:37:52","modified_gmt":"2025-01-10T17:37:52","slug":"guilherme-consegue-feito-tentado-diversas-vezes-por-seu-antecessor-e-assume-presidencia-da-ummes","status":"publish","type":"post","link":"https:\/\/noticiasregionais.com.br\/?p=3985","title":{"rendered":"Guilherme consegue feito tentado diversas vezes por seu antecessor e assume presid\u00eancia da UMMES"},"content":{"rendered":"\n<h4 class=\"wp-block-heading has-text-align-center\"><strong>Nova Diretoria \u00e9 Eleita por Aclama\u00e7\u00e3o para 2025<\/strong> e conta ainda com M\u00e1rio Rosa, Otac\u00edlio Parras e Felipe Jacinto. <\/h4>\n\n\n\n<p>Na manh\u00e3 desta sexta-feira (10), a Uni\u00e3o dos Munic\u00edpios da M\u00e9dia Sorocabana (UMMES) realizou sua Assembleia para a elei\u00e7\u00e3o da nova diretoria que conduzir\u00e1 a institui\u00e7\u00e3o durante o ano de 2025. O processo eleitoral foi marcado pela apresenta\u00e7\u00e3o de uma \u00fanica chapa, que foi aprovada por aclama\u00e7\u00e3o, evidenciando a uni\u00e3o e a confian\u00e7a dos prefeitos da regi\u00e3o no trabalho desenvolvido pela entidade.<\/p>\n\n\n\n<p>O destaque da Assembleia foi a elei\u00e7\u00e3o do novo presidente, Guilherme Gon\u00e7alves, que agora tem a miss\u00e3o de liderar os munic\u00edpios associados em um ano repleto de desafios e oportunidades. Em discurso ap\u00f3s a aclama\u00e7\u00e3o, Gon\u00e7alves destacou a import\u00e2ncia da coopera\u00e7\u00e3o entre os munic\u00edpios e do compromisso com o desenvolvimento regional. \u201cEstamos confiantes de que, juntos, fortaleceremos nossa miss\u00e3o de promover o progresso de nossa regi\u00e3o e trabalhar pelo bem de nossas comunidades, sempre com di\u00e1logo e prop\u00f3sito coletivo\u201d, afirmou o presidente eleito.<\/p>\n\n\n\n<p>A escolha da nova diretoria refor\u00e7a o papel da UMMES como uma entidade comprometida com a defesa das demandas regionais e o avan\u00e7o dos munic\u00edpios da M\u00e9dia Sorocabana. A uni\u00e3o dos prefeitos em torno de uma \u00fanica chapa demonstra a confian\u00e7a no modelo de gest\u00e3o compartilhada e na capacidade de articular solu\u00e7\u00f5es para desafios comuns.<\/p>\n\n\n\n<p>A UMMES reafirma seu compromisso de atuar como uma ponte entre os munic\u00edpios e os governos estadual e federal, buscando recursos, projetos e iniciativas que promovam o bem-estar da popula\u00e7\u00e3o e o fortalecimento das administra\u00e7\u00f5es locais. Com a nova diretoria, a expectativa \u00e9 de avan\u00e7os significativos em diversas \u00e1reas, incluindo infraestrutura, educa\u00e7\u00e3o, sa\u00fade e desenvolvimento econ\u00f4mico.<\/p>\n\n\n\n<p>A institui\u00e7\u00e3o celebra este momento de transi\u00e7\u00e3o com otimismo e esperan\u00e7a. A gest\u00e3o 2025 da UMMES promete ser marcada pelo compromisso e pela coopera\u00e7\u00e3o, guiada pelo lema que une os munic\u00edpios associados: \u201cUmmes, unidos por nossa gente\u201d.<\/p>\n<input type=\"hidden\" id=\"baseurl\" value=\"https:\/\/noticiasregionais.com.br\"><input type=\"hidden\" id=\"audio_nonce\" value=\"533fbb67b1\">","protected":false},"excerpt":{"rendered":"<p>Nova Diretoria \u00e9 Eleita por Aclama\u00e7\u00e3o para 2025 e conta ainda com M\u00e1rio Rosa, Otac\u00edlio Parras e Felipe Jacinto. Na&hellip;<\/p>\n","protected":false},"author":1,"featured_media":3986,"comment_status":"closed","ping_status":"open","sticky":false,"template":"","format":"standard","meta":{"sfsi_plus_gutenberg_text_before_share":"","sfsi_plus_gutenberg_show_text_before_share":"","sfsi_plus_gutenberg_icon_type":"","sfsi_plus_gutenberg_icon_alignemt":"","sfsi_plus_gutenburg_max_per_row":"","footnotes":""},"categories":[1,12,5],"tags":[],"class_list":["post-3985","post","type-post","status-publish","format-standard","has-post-thumbnail","hentry","category-noticias","category-capa","category-ourinhos"],"_links":{"self":[{"href":"https:\/\/noticiasregionais.com.br\/index.php?rest_route=\/wp\/v2\/posts\/3985","targetHints":{"allow":["GET"]}}],"collection":[{"href":"https:\/\/noticiasregionais.com.br\/index.php?rest_route=\/wp\/v2\/posts"}],"about":[{"href":"https:\/\/noticiasregionais.com.br\/index.php?rest_route=\/wp\/v2\/types\/post"}],"author":[{"embeddable":true,"href":"https:\/\/noticiasregionais.com.br\/index.php?rest_route=\/wp\/v2\/users\/1"}],"replies":[{"embeddable":true,"href":"https:\/\/noticiasregionais.com.br\/index.php?rest_route=%2Fwp%2Fv2%2Fcomments&post=3985"}],"version-history":[{"count":1,"href":"https:\/\/noticiasregionais.com.br\/index.php?rest_route=\/wp\/v2\/posts\/3985\/revisions"}],"predecessor-version":[{"id":3988,"href":"https:\/\/noticiasregionais.com.br\/index.php?rest_route=\/wp\/v2\/posts\/3985\/revisions\/3988"}],"wp:featuredmedia":[{"embeddable":true,"href":"https:\/\/noticiasregionais.com.br\/index.php?rest_route=\/wp\/v2\/media\/3986"}],"wp:attachment":[{"href":"https:\/\/noticiasregionais.com.br\/index.php?rest_route=%2Fwp%2Fv2%2Fmedia&parent=3985"}],"wp:term":[{"taxonomy":"category","embeddable":true,"href":"https:\/\/noticiasregionais.com.br\/index.php?rest_route=%2Fwp%2Fv2%2Fcategories&post=3985"},{"taxonomy":"post_tag","embeddable":true,"href":"https:\/\/noticiasregionais.com.br\/index.php?rest_route=%2Fwp%2Fv2%2Ftags&post=3985"}],"curies":[{"name":"wp","href":"https:\/\/api.w.org\/{rel}","templated":true}]}}