{"id":3991,"date":"2025-01-10T18:16:36","date_gmt":"2025-01-10T21:16:36","guid":{"rendered":"https:\/\/noticiasregionais.com.br\/?p=3991"},"modified":"2025-01-10T18:17:52","modified_gmt":"2025-01-10T21:17:52","slug":"iptu-2025-em-ourinhos-podera-ser-pago-em-ate-12-parcelas","status":"publish","type":"post","link":"https:\/\/noticiasregionais.com.br\/?p=3991","title":{"rendered":"IPTU 2025 em Ourinhos poder\u00e1 ser pago em at\u00e9 12 parcelas"},"content":{"rendered":"\n<p>A Prefeitura de Ourinhos, por meio da Secretaria de Finan\u00e7as, informa que a distribui\u00e7\u00e3o dos carn\u00eas do IPTU 2025 come\u00e7a na pr\u00f3xima segunda-feira (13). O tributo poder\u00e1 ser pago em parcela \u00fanica ou em at\u00e9 12 parcelas mensais.<\/p>\n\n\n\n<p>DESCONTO \u00c0 VISTA<br \/>Quem optar pelo pagamento em cota \u00fanica ter\u00e1 o benef\u00edcio de um desconto de 10%.<\/p>\n\n\n\n<p>VENCIMENTO<br>O primeiro pagamento (\u00e0 vista ou parcelado) dever\u00e1 ser feito at\u00e9 o dia 28 de janeiro. Para os optantes do parcelamento, a segunda parcela e as subsequentes ter\u00e3o vencimentos nos meses de fevereiro a dezembro, entre os dias 10 e 18 de cada m\u00eas, conforme o grupo de cadastramento imobili\u00e1rio: <code>\u2022Grupo I (Cadastro iniciado <\/code>FORMAS DE PAGAMENTO<br>Neste ano, os contribuintes podem realizar o pagamento das seguintes formas:<br>\u2022PIX (qualquer institui\u00e7\u00e3o financeira);<br>\u2022Boleto (lot\u00e9ricas, caixas eletr\u00f4nicos ou aplicativos dos bancos conveniados: Caixa Econ\u00f4mica Federal, Banco do Brasil, Bradesco, Santander, Ita\u00fa Unibanco, Banco Mercantil, Sicredi, Sicoob Credimota e Ouricred).<\/p>\n\n\n\n<p>IPTU DIGITAL<br \/>Para quem optou anteriormente por receber o IPTU apenas no formato digital, o link ser\u00e1 enviado por e-mail ou WhatsApp. Tamb\u00e9m j\u00e1 \u00e9 poss\u00edvel emitir a segunda via do tal\u00e3o e das parcelas pelo portal: http:\/\/meuimovel.ourinhos.sp.gov.br.<\/p>\n\n\n\n<p>SOLICITA\u00c7\u00c3O DE REVIS\u00c3O<br \/>O IPTU teve um reajuste de 4,7%, com base na infla\u00e7\u00e3o do ano passado. Em caso de valores divergentes, \u00e9 importante verificar no carn\u00ea as informa\u00e7\u00f5es sobre a \u00e1rea edificada do im\u00f3vel, pois o munic\u00edpio identifica edifica\u00e7\u00f5es n\u00e3o regularizadas. Informa\u00e7\u00f5es ou revis\u00f5es do imposto podem ser solicitadas pelos canais de atendimento:<br \/>\u2022Setor de Tributa\u00e7\u00e3o \u2013 Travessa Vereador Abrah\u00e3o Abujamra, 62, Centro;<br \/>\u2022Poupatempo Ourinhos \u2013 Rua Cardoso Ribeiro, 970 (Ourinhos Plaza Shopping);<br \/>\u2022Atendimento virtual, via WhatsApp: (14) 99762-8404.<\/p>\n\n\n\n<p>Para atendimento no Poupatempo, \u00e9 necess\u00e1rio agendamento pelo site ou aplicativo do Poupatempo, ou pelo WhatsApp: (14) 99762-8404.<\/p>\n\n\n\n<p><\/p>\n<input type=\"hidden\" id=\"baseurl\" value=\"https:\/\/noticiasregionais.com.br\"><input type=\"hidden\" id=\"audio_nonce\" value=\"533fbb67b1\">","protected":false},"excerpt":{"rendered":"<p>A Prefeitura de Ourinhos, por meio da Secretaria de Finan\u00e7as, informa que a distribui\u00e7\u00e3o dos carn\u00eas do IPTU 2025 come\u00e7a&hellip;<\/p>\n","protected":false},"author":1,"featured_media":3990,"comment_status":"closed","ping_status":"open","sticky":false,"template":"","format":"standard","meta":{"sfsi_plus_gutenberg_text_before_share":"","sfsi_plus_gutenberg_show_text_before_share":"","sfsi_plus_gutenberg_icon_type":"","sfsi_plus_gutenberg_icon_alignemt":"","sfsi_plus_gutenburg_max_per_row":"","footnotes":""},"categories":[10,1,5],"tags":[],"class_list":["post-3991","post","type-post","status-publish","format-standard","has-post-thumbnail","hentry","category-destaques","category-noticias","category-ourinhos"],"_links":{"self":[{"href":"https:\/\/noticiasregionais.com.br\/index.php?rest_route=\/wp\/v2\/posts\/3991","targetHints":{"allow":["GET"]}}],"collection":[{"href":"https:\/\/noticiasregionais.com.br\/index.php?rest_route=\/wp\/v2\/posts"}],"about":[{"href":"https:\/\/noticiasregionais.com.br\/index.php?rest_route=\/wp\/v2\/types\/post"}],"author":[{"embeddable":true,"href":"https:\/\/noticiasregionais.com.br\/index.php?rest_route=\/wp\/v2\/users\/1"}],"replies":[{"embeddable":true,"href":"https:\/\/noticiasregionais.com.br\/index.php?rest_route=%2Fwp%2Fv2%2Fcomments&post=3991"}],"version-history":[{"count":1,"href":"https:\/\/noticiasregionais.com.br\/index.php?rest_route=\/wp\/v2\/posts\/3991\/revisions"}],"predecessor-version":[{"id":3992,"href":"https:\/\/noticiasregionais.com.br\/index.php?rest_route=\/wp\/v2\/posts\/3991\/revisions\/3992"}],"wp:featuredmedia":[{"embeddable":true,"href":"https:\/\/noticiasregionais.com.br\/index.php?rest_route=\/wp\/v2\/media\/3990"}],"wp:attachment":[{"href":"https:\/\/noticiasregionais.com.br\/index.php?rest_route=%2Fwp%2Fv2%2Fmedia&parent=3991"}],"wp:term":[{"taxonomy":"category","embeddable":true,"href":"https:\/\/noticiasregionais.com.br\/index.php?rest_route=%2Fwp%2Fv2%2Fcategories&post=3991"},{"taxonomy":"post_tag","embeddable":true,"href":"https:\/\/noticiasregionais.com.br\/index.php?rest_route=%2Fwp%2Fv2%2Ftags&post=3991"}],"curies":[{"name":"wp","href":"https:\/\/api.w.org\/{rel}","templated":true}]}}