{"id":3993,"date":"2025-01-13T10:02:59","date_gmt":"2025-01-13T13:02:59","guid":{"rendered":"https:\/\/noticiasregionais.com.br\/?p=3993"},"modified":"2025-01-13T17:15:42","modified_gmt":"2025-01-13T20:15:42","slug":"prf-aborda-automovel-e-apreende-10-mil-macos-de-cigarros-contrabandeados-na-br-153","status":"publish","type":"post","link":"https:\/\/noticiasregionais.com.br\/?p=3993","title":{"rendered":"PRF aborda autom\u00f3vel e apreende 10 mil ma\u00e7os de cigarros contrabandeados na BR-153"},"content":{"rendered":"\n<h4 class=\"wp-block-heading has-text-align-center\">Carga seria levada de Dourados (MS) para Ourinhos (SP); motorista confessou o crime ao ser abordado<\/h4>\n\n\n\n<p>A Pol\u00edcia Rodovi\u00e1ria Federal (PRF) apreendeu, na madrugada do \u00faltimo s\u00e1bado (11), uma carga de 10.000 ma\u00e7os de cigarros contrabandeados do Paraguai. Um homem de 27 anos foi preso em flagrante durante a a\u00e7\u00e3o realizada no km 338 da BR-153, no entroncamento com a rodovia Raposo Tavares, em Ourinhos (SP).<\/p>\n\n\n\n<p>De acordo com a PRF, o motorista estava em um ve\u00edculo GM Classic e transportava a mercadoria ilegal no banco traseiro do carro. A abordagem ocorreu por volta da 1h40, durante uma opera\u00e7\u00e3o de fiscaliza\u00e7\u00e3o de rotina. Ao ser parado, o homem confessou que havia adquirido os cigarros em Dourados (MS), munic\u00edpio pr\u00f3ximo \u00e0 fronteira com o Paraguai, e que o destino final seria a cidade de Ourinhos.<\/p>\n\n\n\n<p>O suspeito, que viajava sozinho, foi detido e encaminhado, juntamente com a carga apreendida, para a Central de Pol\u00edcia Judici\u00e1ria de Ourinhos. O ve\u00edculo tamb\u00e9m foi apreendido.<\/p>\n\n\n\n<p>A PRF destacou que a pr\u00e1tica de contrabando de cigarros representa um grave crime contra a economia do pa\u00eds, al\u00e9m de trazer riscos \u00e0 sa\u00fade p\u00fablica. A carga ser\u00e1 submetida a procedimentos legais, e o homem poder\u00e1 responder pelo crime de contrabando, previsto no C\u00f3digo Penal Brasileiro.<\/p>\n\n\n\n<p>Casos como esse refor\u00e7am a import\u00e2ncia das opera\u00e7\u00f5es de fiscaliza\u00e7\u00e3o nas rodovias, que t\u00eam como objetivo combater pr\u00e1ticas il\u00edcitas e garantir a seguran\u00e7a no tr\u00e2nsito. A PRF segue intensificando suas a\u00e7\u00f5es em pontos estrat\u00e9gicos para coibir crimes como contrabando, tr\u00e1fico de drogas e transporte irregular de mercadorias.<\/p>\n<input type=\"hidden\" id=\"baseurl\" value=\"https:\/\/noticiasregionais.com.br\"><input type=\"hidden\" id=\"audio_nonce\" value=\"51537c5ade\">","protected":false},"excerpt":{"rendered":"<p>Carga seria levada de Dourados (MS) para Ourinhos (SP); motorista confessou o crime ao ser abordado A Pol\u00edcia Rodovi\u00e1ria Federal&hellip;<\/p>\n","protected":false},"author":1,"featured_media":3994,"comment_status":"closed","ping_status":"open","sticky":false,"template":"","format":"standard","meta":{"sfsi_plus_gutenberg_text_before_share":"","sfsi_plus_gutenberg_show_text_before_share":"","sfsi_plus_gutenberg_icon_type":"","sfsi_plus_gutenberg_icon_alignemt":"","sfsi_plus_gutenburg_max_per_row":"","footnotes":""},"categories":[5,10,1],"tags":[],"class_list":["post-3993","post","type-post","status-publish","format-standard","has-post-thumbnail","hentry","category-ourinhos","category-destaques","category-noticias"],"_links":{"self":[{"href":"https:\/\/noticiasregionais.com.br\/index.php?rest_route=\/wp\/v2\/posts\/3993","targetHints":{"allow":["GET"]}}],"collection":[{"href":"https:\/\/noticiasregionais.com.br\/index.php?rest_route=\/wp\/v2\/posts"}],"about":[{"href":"https:\/\/noticiasregionais.com.br\/index.php?rest_route=\/wp\/v2\/types\/post"}],"author":[{"embeddable":true,"href":"https:\/\/noticiasregionais.com.br\/index.php?rest_route=\/wp\/v2\/users\/1"}],"replies":[{"embeddable":true,"href":"https:\/\/noticiasregionais.com.br\/index.php?rest_route=%2Fwp%2Fv2%2Fcomments&post=3993"}],"version-history":[{"count":1,"href":"https:\/\/noticiasregionais.com.br\/index.php?rest_route=\/wp\/v2\/posts\/3993\/revisions"}],"predecessor-version":[{"id":3995,"href":"https:\/\/noticiasregionais.com.br\/index.php?rest_route=\/wp\/v2\/posts\/3993\/revisions\/3995"}],"wp:featuredmedia":[{"embeddable":true,"href":"https:\/\/noticiasregionais.com.br\/index.php?rest_route=\/wp\/v2\/media\/3994"}],"wp:attachment":[{"href":"https:\/\/noticiasregionais.com.br\/index.php?rest_route=%2Fwp%2Fv2%2Fmedia&parent=3993"}],"wp:term":[{"taxonomy":"category","embeddable":true,"href":"https:\/\/noticiasregionais.com.br\/index.php?rest_route=%2Fwp%2Fv2%2Fcategories&post=3993"},{"taxonomy":"post_tag","embeddable":true,"href":"https:\/\/noticiasregionais.com.br\/index.php?rest_route=%2Fwp%2Fv2%2Ftags&post=3993"}],"curies":[{"name":"wp","href":"https:\/\/api.w.org\/{rel}","templated":true}]}}