{"id":3996,"date":"2025-01-10T10:09:00","date_gmt":"2025-01-10T13:09:00","guid":{"rendered":"https:\/\/noticiasregionais.com.br\/?p=3996"},"modified":"2025-01-13T10:12:39","modified_gmt":"2025-01-13T13:12:39","slug":"prf-prende-homem-e-apreende-adolescentes-por-trafico-de-drogas-na-br-153-em-jacarezinho","status":"publish","type":"post","link":"https:\/\/noticiasregionais.com.br\/?p=3996","title":{"rendered":"PRF prende homem e apreende adolescentes por tr\u00e1fico de drogas na BR-153 em Jacarezinho"},"content":{"rendered":"\n<h4 class=\"wp-block-heading has-text-align-center\">Ve\u00edculo transportava mais de 15 kg de drogas; suspeito tamb\u00e9m responder\u00e1 por corrup\u00e7\u00e3o de menores<\/h4>\n\n\n\n<p>A Pol\u00edcia Rodovi\u00e1ria Federal (PRF) prendeu um homem e apreendeu duas adolescentes por tr\u00e1fico de drogas na noite da \u00faltima quinta-feira (9), na cidade de Jacarezinho, Paran\u00e1, localizada na divisa com o estado de S\u00e3o Paulo. A abordagem ocorreu por volta das 19h20, durante uma fiscaliza\u00e7\u00e3o de rotina.<\/p>\n\n\n\n<p>Os policiais deram ordem de parada a um Ford KA com quatro ocupantes. No entanto, ao perceber que seria realizada uma vistoria detalhada, um dos passageiros fugiu em dire\u00e7\u00e3o \u00e0 mata e n\u00e3o foi localizado. Durante a fiscaliza\u00e7\u00e3o, os agentes notaram um forte odor de maconha no interior do ve\u00edculo, o que levou \u00e0 inspe\u00e7\u00e3o minuciosa.<\/p>\n\n\n\n<p>No porta-malas do carro, foram encontrados 15 tijolos de maconha, dois inv\u00f3lucros de skunk e um de haxixe. Ap\u00f3s pesagem na delegacia, constatou-se um total de 11,7 kg de maconha, 0,5 kg de skunk e 2,8 kg de haxixe.<\/p>\n\n\n\n<p>O homem, de 34 anos, foi preso em flagrante, e as duas adolescentes, de 17 e 14 anos, foram apreendidas. Segundo a PRF, ambas haviam fugido de um abrigo municipal em Taquarituba (SP) no \u00faltimo domingo (5), sendo j\u00e1 procuradas por determina\u00e7\u00e3o judicial.<\/p>\n\n\n\n<p>Os tr\u00eas suspeitos foram encaminhados \u00e0 Delegacia da Pol\u00edcia Civil de Jacarezinho, onde foram registrados os crimes de tr\u00e1fico de drogas (Art. 33 da Lei de Drogas) e corrup\u00e7\u00e3o de menores (Art. 244-B do C\u00f3digo Penal). As adolescentes ser\u00e3o entregues ao Conselho Tutelar para medidas cab\u00edveis.<\/p>\n\n\n\n<p>A PRF segue intensificando a fiscaliza\u00e7\u00e3o na regi\u00e3o para combater o tr\u00e1fico de drogas e outros crimes nas rodovias.<\/p>\n<input type=\"hidden\" id=\"baseurl\" value=\"https:\/\/noticiasregionais.com.br\"><input type=\"hidden\" id=\"audio_nonce\" value=\"533fbb67b1\">","protected":false},"excerpt":{"rendered":"<p>Ve\u00edculo transportava mais de 15 kg de drogas; suspeito tamb\u00e9m responder\u00e1 por corrup\u00e7\u00e3o de menores A Pol\u00edcia Rodovi\u00e1ria Federal (PRF)&hellip;<\/p>\n","protected":false},"author":1,"featured_media":3997,"comment_status":"closed","ping_status":"open","sticky":false,"template":"","format":"standard","meta":{"sfsi_plus_gutenberg_text_before_share":"","sfsi_plus_gutenberg_show_text_before_share":"","sfsi_plus_gutenberg_icon_type":"","sfsi_plus_gutenberg_icon_alignemt":"","sfsi_plus_gutenburg_max_per_row":"","footnotes":""},"categories":[7,10,1],"tags":[],"class_list":["post-3996","post","type-post","status-publish","format-standard","has-post-thumbnail","hentry","category-parana","category-destaques","category-noticias"],"_links":{"self":[{"href":"https:\/\/noticiasregionais.com.br\/index.php?rest_route=\/wp\/v2\/posts\/3996","targetHints":{"allow":["GET"]}}],"collection":[{"href":"https:\/\/noticiasregionais.com.br\/index.php?rest_route=\/wp\/v2\/posts"}],"about":[{"href":"https:\/\/noticiasregionais.com.br\/index.php?rest_route=\/wp\/v2\/types\/post"}],"author":[{"embeddable":true,"href":"https:\/\/noticiasregionais.com.br\/index.php?rest_route=\/wp\/v2\/users\/1"}],"replies":[{"embeddable":true,"href":"https:\/\/noticiasregionais.com.br\/index.php?rest_route=%2Fwp%2Fv2%2Fcomments&post=3996"}],"version-history":[{"count":1,"href":"https:\/\/noticiasregionais.com.br\/index.php?rest_route=\/wp\/v2\/posts\/3996\/revisions"}],"predecessor-version":[{"id":3998,"href":"https:\/\/noticiasregionais.com.br\/index.php?rest_route=\/wp\/v2\/posts\/3996\/revisions\/3998"}],"wp:featuredmedia":[{"embeddable":true,"href":"https:\/\/noticiasregionais.com.br\/index.php?rest_route=\/wp\/v2\/media\/3997"}],"wp:attachment":[{"href":"https:\/\/noticiasregionais.com.br\/index.php?rest_route=%2Fwp%2Fv2%2Fmedia&parent=3996"}],"wp:term":[{"taxonomy":"category","embeddable":true,"href":"https:\/\/noticiasregionais.com.br\/index.php?rest_route=%2Fwp%2Fv2%2Fcategories&post=3996"},{"taxonomy":"post_tag","embeddable":true,"href":"https:\/\/noticiasregionais.com.br\/index.php?rest_route=%2Fwp%2Fv2%2Ftags&post=3996"}],"curies":[{"name":"wp","href":"https:\/\/api.w.org\/{rel}","templated":true}]}}