{"id":400,"date":"2023-09-15T23:29:04","date_gmt":"2023-09-16T02:29:04","guid":{"rendered":"https:\/\/noticiasregionais.com.br\/?p=400"},"modified":"2023-09-15T23:29:04","modified_gmt":"2023-09-16T02:29:04","slug":"policia-rodoviaria-apreende-8-mil-macos-de-cigarro-contrabandeados-na-sp-270","status":"publish","type":"post","link":"https:\/\/noticiasregionais.com.br\/?p=400","title":{"rendered":"Pol\u00edcia Rodovi\u00e1ria apreende 8 mil ma\u00e7os de cigarro contrabandeados na SP-270"},"content":{"rendered":"\n<p>Em opera\u00e7\u00e3o de combate ao contrabando, a Pol\u00edcia Militar Rodovi\u00e1ria apreendeu 8 mil ma\u00e7os de cigarros contrabandeados na manh\u00e3 desta sexta-feira (15), na SP-270, em Palmital.<\/p>\n\n\n\n<p>Segundo a PRE, os policiais realizavam patrulhamento na rodovia quando abordaram um ve\u00edculo Renault\/Sandero, com placas do Mercosul, ocupado por um casal. O ve\u00edculo vinha de Ponta Por\u00e3, no Mato Grosso do Sul, com destino a Avar\u00e9, no interior de S\u00e3o Paulo.<\/p>\n\n\n\n<p>Durante a vistoria veicular, os policiais encontraram os cigarros, sem nota fiscal, escondidos no porta-malas do carro.<\/p>\n\n\n\n<p>O motorista, um homem de 41 anos, foi preso em flagrante por contrabando. A passageira, uma mulher de 45 anos, foi ouvida e liberada.<\/p>\n\n\n\n<p>Os cigarros e o ve\u00edculo foram apreendidos e apresentados na sede da Pol\u00edcia Federal em Mar\u00edlia.<\/p>\n\n\n\n<p><strong>Combate ao contrabando<\/strong><\/p>\n\n\n\n<p>O contrabando de cigarros \u00e9 um crime que prejudica a economia brasileira, gerando perdas de arrecada\u00e7\u00e3o e concorr\u00eancia desleal.<\/p>\n\n\n\n<p>A Pol\u00edcia Militar Rodovi\u00e1ria atua de forma constante no combate ao contrabando, realizando opera\u00e7\u00f5es de fiscaliza\u00e7\u00e3o nas rodovias do estado.<\/p>\n<input type=\"hidden\" id=\"baseurl\" value=\"https:\/\/noticiasregionais.com.br\"><input type=\"hidden\" id=\"audio_nonce\" value=\"533fbb67b1\">","protected":false},"excerpt":{"rendered":"<p>Em opera\u00e7\u00e3o de combate ao contrabando, a Pol\u00edcia Militar Rodovi\u00e1ria apreendeu 8 mil ma\u00e7os de cigarros contrabandeados na manh\u00e3 desta&hellip;<\/p>\n","protected":false},"author":1,"featured_media":401,"comment_status":"closed","ping_status":"open","sticky":false,"template":"","format":"standard","meta":{"sfsi_plus_gutenberg_text_before_share":"","sfsi_plus_gutenberg_show_text_before_share":"","sfsi_plus_gutenberg_icon_type":"","sfsi_plus_gutenberg_icon_alignemt":"","sfsi_plus_gutenburg_max_per_row":"","footnotes":""},"categories":[6,12,1],"tags":[],"class_list":["post-400","post","type-post","status-publish","format-standard","has-post-thumbnail","hentry","category-sao_paulo","category-capa","category-noticias"],"_links":{"self":[{"href":"https:\/\/noticiasregionais.com.br\/index.php?rest_route=\/wp\/v2\/posts\/400","targetHints":{"allow":["GET"]}}],"collection":[{"href":"https:\/\/noticiasregionais.com.br\/index.php?rest_route=\/wp\/v2\/posts"}],"about":[{"href":"https:\/\/noticiasregionais.com.br\/index.php?rest_route=\/wp\/v2\/types\/post"}],"author":[{"embeddable":true,"href":"https:\/\/noticiasregionais.com.br\/index.php?rest_route=\/wp\/v2\/users\/1"}],"replies":[{"embeddable":true,"href":"https:\/\/noticiasregionais.com.br\/index.php?rest_route=%2Fwp%2Fv2%2Fcomments&post=400"}],"version-history":[{"count":1,"href":"https:\/\/noticiasregionais.com.br\/index.php?rest_route=\/wp\/v2\/posts\/400\/revisions"}],"predecessor-version":[{"id":402,"href":"https:\/\/noticiasregionais.com.br\/index.php?rest_route=\/wp\/v2\/posts\/400\/revisions\/402"}],"wp:featuredmedia":[{"embeddable":true,"href":"https:\/\/noticiasregionais.com.br\/index.php?rest_route=\/wp\/v2\/media\/401"}],"wp:attachment":[{"href":"https:\/\/noticiasregionais.com.br\/index.php?rest_route=%2Fwp%2Fv2%2Fmedia&parent=400"}],"wp:term":[{"taxonomy":"category","embeddable":true,"href":"https:\/\/noticiasregionais.com.br\/index.php?rest_route=%2Fwp%2Fv2%2Fcategories&post=400"},{"taxonomy":"post_tag","embeddable":true,"href":"https:\/\/noticiasregionais.com.br\/index.php?rest_route=%2Fwp%2Fv2%2Ftags&post=400"}],"curies":[{"name":"wp","href":"https:\/\/api.w.org\/{rel}","templated":true}]}}