{"id":4002,"date":"2025-01-13T11:24:49","date_gmt":"2025-01-13T14:24:49","guid":{"rendered":"https:\/\/noticiasregionais.com.br\/?p=4002"},"modified":"2025-01-13T11:24:52","modified_gmt":"2025-01-13T14:24:52","slug":"resultados-do-enem-2024-ja-estao-disponiveis-confira-na-pagina-do-participante","status":"publish","type":"post","link":"https:\/\/noticiasregionais.com.br\/?p=4002","title":{"rendered":"Resultados do Enem 2024 j\u00e1 est\u00e3o dispon\u00edveis. Confira na P\u00e1gina do Participante"},"content":{"rendered":"\n<h4 class=\"wp-block-heading has-text-align-center\">As notas s\u00e3o divulgadas no portal do Inep. O Enem \u00e9 ingresso para o ensino superior em institui\u00e7\u00f5es p\u00fablicas e privadas<\/h4>\n\n\n\n<p>Chegou o fim da espera para quem fez as provas do Exame Nacional do Ensino M\u00e9dio (Enem 2024) e aguardava o resultado. As notas est\u00e3o dispon\u00edveis na&nbsp;<a href=\"https:\/\/enem.inep.gov.br\/participante\/#!\/\" target=\"_blank\" rel=\"noopener\">P\u00e1gina do Participante<\/a>.&nbsp;Para acessar, \u00e9 preciso usar o login&nbsp;<strong>gov.br<\/strong>, com CPF e senha do candidato.<\/p>\n\n\n\n<p>As notas do Enem s\u00e3o porta de entrada para o ensino superior em institui\u00e7\u00f5es p\u00fablicas e privadas. Nas p\u00fablicas, por meio do&nbsp;Sistema de Sele\u00e7\u00e3o Unificada (Sisu) que ter\u00e1 as&nbsp;inscri\u00e7\u00f5es abertas no dia 17 de janeiro,&nbsp;exclusivamente pela internet, no&nbsp;<a href=\"https:\/\/acessounico.mec.gov.br\/\" rel=\"noreferrer noopener\" target=\"_blank\">endere\u00e7o eletr\u00f4nico do Sisu<\/a>.<\/p>\n\n\n\n<p>De acordo com o&nbsp;<a href=\"https:\/\/www.in.gov.br\/en\/web\/dou\/-\/edital-n-51-de-10-de-maio-de-2024-559158847\" rel=\"noreferrer noopener\" target=\"_blank\">edital publicado<\/a>&nbsp;pelo Minist\u00e9rio da Educa\u00e7\u00e3o, o processo seletivo do Sisu ser\u00e1 constitu\u00eddo de uma \u00fanica etapa. Os candidatos poder\u00e3o se inscrever em at\u00e9 duas op\u00e7\u00f5es de vagas. O resultado da chamada regular ser\u00e1 divulgado dia 26 de janeiro.<\/p>\n\n\n\n<p>Est\u00e3o aptos a participar da sele\u00e7\u00e3o os estudantes que tenham completado o ensino m\u00e9dio, participado da edi\u00e7\u00e3o de 2024 do Enem e n\u00e3o tenham zerado a prova de reda\u00e7\u00e3o.<\/p>\n\n\n\n<p>Os participantes do Enem poder\u00e3o usar os resultados tamb\u00e9m no Programa Universidade para Todos (Prouni), que d\u00e1 a chance para que o participante do Enem tenha acesso \u00e0 bolsa de estudo integral ou parcial (50%) em institui\u00e7\u00f5es privadas de ensino superior.&nbsp;Para se inscrever o estudante precisa obter, no m\u00ednimo, 450 pontos de m\u00e9dia das notas das cinco provas do exame e n\u00e3o zerar a reda\u00e7\u00e3o.&nbsp;A classifica\u00e7\u00e3o do candidato \u00e9 feita com base no resultado do Enem, considerando as duas \u00faltimas edi\u00e7\u00f5es, imediatamente anteriores ao processo seletivo do Prouni.<\/p>\n\n\n\n<h4 class=\"wp-block-heading\"><strong>Fies<\/strong><\/h4>\n\n\n\n<p>As notas do exame tamb\u00e9m podem ser usadas para obter o&nbsp;Fundo de Financiamento Estudantil (Fies),&nbsp;programa que oferece financiamento aos estudantes que querem fazer curso de gradua\u00e7\u00e3o em institui\u00e7\u00f5es privadas de educa\u00e7\u00e3o superior.&nbsp;Para\u202fse inscrever o estudante precisa obter, no m\u00ednimo, 450 pontos de m\u00e9dia\u202fdas notas das cinco provas\u202fdo\u202fEnem e n\u00e3o zerar a reda\u00e7\u00e3o.<\/p>\n\n\n\n<p>Para obter o financiamento, o estudante pr\u00e9-selecionado deve comprovar renda familiar mensal bruta per capita de at\u00e9 3 (tr\u00eas) sal\u00e1rios m\u00ednimos. A\u202fescala\u202fde financiamento varia\u202fde\u202facordo\u202fcom\u202fa\u202frenda\u202ffamiliar da\u202fpessoa.<\/p>\n\n\n\n<p><strong>Enem\u202fPortugal \u2013\u00a0<\/strong>Para as pessoas que desejam estudar no exterior, h\u00e1 a alternativa dos conv\u00eanios firmados entre o Inep e\u00a0<a href=\"https:\/\/www.gov.br\/inep\/pt-br\/areas-de-atuacao\/avaliacao-e-exames-educacionais\/enem\/enem-portugal\" target=\"_blank\" rel=\"noreferrer noopener\">institui\u00e7\u00f5es portuguesas\u00a0<\/a>que garantem acesso facilitado \u00e0s notas dos interessados em cursar a educa\u00e7\u00e3o superior em Portugal.<br><br><sub><strong>fonte: Ag\u00eancia Brasil &#8211; EBC<\/strong><\/sub><\/p>\n<input type=\"hidden\" id=\"baseurl\" value=\"https:\/\/noticiasregionais.com.br\"><input type=\"hidden\" id=\"audio_nonce\" value=\"3cdc555a10\">","protected":false},"excerpt":{"rendered":"<p>As notas s\u00e3o divulgadas no portal do Inep. O Enem \u00e9 ingresso para o ensino superior em institui\u00e7\u00f5es p\u00fablicas e&hellip;<\/p>\n","protected":false},"author":1,"featured_media":4003,"comment_status":"closed","ping_status":"open","sticky":false,"template":"","format":"standard","meta":{"sfsi_plus_gutenberg_text_before_share":"","sfsi_plus_gutenberg_show_text_before_share":"","sfsi_plus_gutenberg_icon_type":"","sfsi_plus_gutenberg_icon_alignemt":"","sfsi_plus_gutenburg_max_per_row":"","footnotes":""},"categories":[8,10,1],"tags":[],"class_list":["post-4002","post","type-post","status-publish","format-standard","has-post-thumbnail","hentry","category-brasil","category-destaques","category-noticias"],"_links":{"self":[{"href":"https:\/\/noticiasregionais.com.br\/index.php?rest_route=\/wp\/v2\/posts\/4002","targetHints":{"allow":["GET"]}}],"collection":[{"href":"https:\/\/noticiasregionais.com.br\/index.php?rest_route=\/wp\/v2\/posts"}],"about":[{"href":"https:\/\/noticiasregionais.com.br\/index.php?rest_route=\/wp\/v2\/types\/post"}],"author":[{"embeddable":true,"href":"https:\/\/noticiasregionais.com.br\/index.php?rest_route=\/wp\/v2\/users\/1"}],"replies":[{"embeddable":true,"href":"https:\/\/noticiasregionais.com.br\/index.php?rest_route=%2Fwp%2Fv2%2Fcomments&post=4002"}],"version-history":[{"count":1,"href":"https:\/\/noticiasregionais.com.br\/index.php?rest_route=\/wp\/v2\/posts\/4002\/revisions"}],"predecessor-version":[{"id":4004,"href":"https:\/\/noticiasregionais.com.br\/index.php?rest_route=\/wp\/v2\/posts\/4002\/revisions\/4004"}],"wp:featuredmedia":[{"embeddable":true,"href":"https:\/\/noticiasregionais.com.br\/index.php?rest_route=\/wp\/v2\/media\/4003"}],"wp:attachment":[{"href":"https:\/\/noticiasregionais.com.br\/index.php?rest_route=%2Fwp%2Fv2%2Fmedia&parent=4002"}],"wp:term":[{"taxonomy":"category","embeddable":true,"href":"https:\/\/noticiasregionais.com.br\/index.php?rest_route=%2Fwp%2Fv2%2Fcategories&post=4002"},{"taxonomy":"post_tag","embeddable":true,"href":"https:\/\/noticiasregionais.com.br\/index.php?rest_route=%2Fwp%2Fv2%2Ftags&post=4002"}],"curies":[{"name":"wp","href":"https:\/\/api.w.org\/{rel}","templated":true}]}}