{"id":4005,"date":"2025-01-13T17:15:05","date_gmt":"2025-01-13T20:15:05","guid":{"rendered":"https:\/\/noticiasregionais.com.br\/?p=4005"},"modified":"2025-01-13T17:15:17","modified_gmt":"2025-01-13T20:15:17","slug":"policia-rodoviaria-federal-apreende-1-000-roteadores-e-prende-motorista-com-nota-fiscal-adulterada","status":"publish","type":"post","link":"https:\/\/noticiasregionais.com.br\/?p=4005","title":{"rendered":"Pol\u00edcia Rodovi\u00e1ria Federal apreende 1.000 roteadores e prende motorista com nota fiscal adulterada"},"content":{"rendered":"\n<p class=\"has-text-align-left\">Na manh\u00e3 desta segunda-feira (13), a Pol\u00edcia Rodovi\u00e1ria Federal (PRF) interceptou uma carga de eletr\u00f4nicos avaliada em aproximadamente R$ 150 mil e prendeu um homem de 43 anos por apresentar documentos fiscais adulterados. A a\u00e7\u00e3o ocorreu no km 345 da BR-153, na altura de Ourinhos (SP).<\/p>\n\n\n\n<p>Os agentes deram ordem de parada ao motorista de uma van Renault Master que transportava 17 caixas de mercadorias. Ao solicitarem a nota fiscal, os policiais identificaram irregularidades no documento apresentado, como diverg\u00eancias na quantidade de produtos listados. Questionado sobre a inconsist\u00eancia, o motorista apresentou uma segunda nota fiscal, que aparentava ser id\u00eantica \u00e0 primeira, mas com altera\u00e7\u00f5es no n\u00famero de itens descritos. A manipula\u00e7\u00e3o foi constatada, configurando crime.<\/p>\n\n\n\n<p>O condutor foi preso em flagrante e encaminhado para a delegacia da Pol\u00edcia Federal em Mar\u00edlia. Ele responder\u00e1 pelos crimes de falsifica\u00e7\u00e3o e uso de documento falso, previstos nos artigos 298 e 304 do C\u00f3digo Penal, que podem resultar em penas de at\u00e9 cinco anos de reclus\u00e3o.<\/p>\n\n\n\n<p>Os equipamentos apreendidos, cerca de 1.000 roteadores, foram recolhidos para averigua\u00e7\u00e3o e an\u00e1lise.<\/p>\n<input type=\"hidden\" id=\"baseurl\" value=\"https:\/\/noticiasregionais.com.br\"><input type=\"hidden\" id=\"audio_nonce\" value=\"533fbb67b1\">","protected":false},"excerpt":{"rendered":"<p>Na manh\u00e3 desta segunda-feira (13), a Pol\u00edcia Rodovi\u00e1ria Federal (PRF) interceptou uma carga de eletr\u00f4nicos avaliada em aproximadamente R$ 150&hellip;<\/p>\n","protected":false},"author":1,"featured_media":4006,"comment_status":"closed","ping_status":"open","sticky":false,"template":"","format":"standard","meta":{"sfsi_plus_gutenberg_text_before_share":"","sfsi_plus_gutenberg_show_text_before_share":"","sfsi_plus_gutenberg_icon_type":"","sfsi_plus_gutenberg_icon_alignemt":"","sfsi_plus_gutenburg_max_per_row":"","footnotes":""},"categories":[5,12,1],"tags":[],"class_list":["post-4005","post","type-post","status-publish","format-standard","has-post-thumbnail","hentry","category-ourinhos","category-capa","category-noticias"],"_links":{"self":[{"href":"https:\/\/noticiasregionais.com.br\/index.php?rest_route=\/wp\/v2\/posts\/4005","targetHints":{"allow":["GET"]}}],"collection":[{"href":"https:\/\/noticiasregionais.com.br\/index.php?rest_route=\/wp\/v2\/posts"}],"about":[{"href":"https:\/\/noticiasregionais.com.br\/index.php?rest_route=\/wp\/v2\/types\/post"}],"author":[{"embeddable":true,"href":"https:\/\/noticiasregionais.com.br\/index.php?rest_route=\/wp\/v2\/users\/1"}],"replies":[{"embeddable":true,"href":"https:\/\/noticiasregionais.com.br\/index.php?rest_route=%2Fwp%2Fv2%2Fcomments&post=4005"}],"version-history":[{"count":1,"href":"https:\/\/noticiasregionais.com.br\/index.php?rest_route=\/wp\/v2\/posts\/4005\/revisions"}],"predecessor-version":[{"id":4007,"href":"https:\/\/noticiasregionais.com.br\/index.php?rest_route=\/wp\/v2\/posts\/4005\/revisions\/4007"}],"wp:featuredmedia":[{"embeddable":true,"href":"https:\/\/noticiasregionais.com.br\/index.php?rest_route=\/wp\/v2\/media\/4006"}],"wp:attachment":[{"href":"https:\/\/noticiasregionais.com.br\/index.php?rest_route=%2Fwp%2Fv2%2Fmedia&parent=4005"}],"wp:term":[{"taxonomy":"category","embeddable":true,"href":"https:\/\/noticiasregionais.com.br\/index.php?rest_route=%2Fwp%2Fv2%2Fcategories&post=4005"},{"taxonomy":"post_tag","embeddable":true,"href":"https:\/\/noticiasregionais.com.br\/index.php?rest_route=%2Fwp%2Fv2%2Ftags&post=4005"}],"curies":[{"name":"wp","href":"https:\/\/api.w.org\/{rel}","templated":true}]}}