{"id":4008,"date":"2025-01-13T17:43:38","date_gmt":"2025-01-13T20:43:38","guid":{"rendered":"https:\/\/noticiasregionais.com.br\/?p=4008"},"modified":"2025-01-13T17:43:50","modified_gmt":"2025-01-13T20:43:50","slug":"manutencao-programada-em-ourinhos-rua-cardoso-ribeiro-sera-interditada-amanha-14","status":"publish","type":"post","link":"https:\/\/noticiasregionais.com.br\/?p=4008","title":{"rendered":"Manuten\u00e7\u00e3o programada em Ourinhos: Rua Cardoso Ribeiro ser\u00e1 interditada amanh\u00e3 (14)"},"content":{"rendered":"\n<p>Na pr\u00f3xima ter\u00e7a-feira, 14 de janeiro de 2025, a cidade de Ourinhos passar\u00e1 por uma manuten\u00e7\u00e3o programada realizada pela Ourinhos Saneamento. O servi\u00e7o ter\u00e1 como objetivo o reparo em uma rede de esgoto na Rua Cardoso Ribeiro.<\/p>\n\n\n\n<p>De acordo com o comunicado divulgado, os trabalhos ocorrer\u00e3o das 7h \u00e0s 10h da manh\u00e3. Durante esse per\u00edodo, a Rua Cardoso Ribeiro ser\u00e1 interditada nos trechos entre a Rua Euclides da Cunha e a Travessa das Ac\u00e1cias.<\/p>\n\n\n\n<p>A interrup\u00e7\u00e3o no tr\u00e1fego visa garantir a seguran\u00e7a dos trabalhadores e da popula\u00e7\u00e3o durante a realiza\u00e7\u00e3o do reparo. Motoristas e pedestres que circulam pela regi\u00e3o devem ficar atentos \u00e0s interdi\u00e7\u00f5es e, se poss\u00edvel, buscar rotas alternativas para evitar transtornos.<\/p>\n\n\n\n<p>Atendimento e Mais Informa\u00e7\u00f5es<br>Caso a popula\u00e7\u00e3o tenha d\u00favidas ou necessite de mais informa\u00e7\u00f5es sobre a manuten\u00e7\u00e3o, a Ourinhos Saneamento disponibiliza um ponto de atendimento na Avenida Altino Arantes, 890. Al\u00e9m disso, \u00e9 poss\u00edvel entrar em contato pelo telefone 0800 687 4646 ou pelo WhatsApp no n\u00famero (11) 95020-6424.<\/p>\n<input type=\"hidden\" id=\"baseurl\" value=\"https:\/\/noticiasregionais.com.br\"><input type=\"hidden\" id=\"audio_nonce\" value=\"5c13e0637f\">","protected":false},"excerpt":{"rendered":"<p>Na pr\u00f3xima ter\u00e7a-feira, 14 de janeiro de 2025, a cidade de Ourinhos passar\u00e1 por uma manuten\u00e7\u00e3o programada realizada pela Ourinhos&hellip;<\/p>\n","protected":false},"author":1,"featured_media":4009,"comment_status":"closed","ping_status":"open","sticky":false,"template":"","format":"standard","meta":{"sfsi_plus_gutenberg_text_before_share":"","sfsi_plus_gutenberg_show_text_before_share":"","sfsi_plus_gutenberg_icon_type":"","sfsi_plus_gutenberg_icon_alignemt":"","sfsi_plus_gutenburg_max_per_row":"","footnotes":""},"categories":[5,10,1],"tags":[],"class_list":["post-4008","post","type-post","status-publish","format-standard","has-post-thumbnail","hentry","category-ourinhos","category-destaques","category-noticias"],"_links":{"self":[{"href":"https:\/\/noticiasregionais.com.br\/index.php?rest_route=\/wp\/v2\/posts\/4008","targetHints":{"allow":["GET"]}}],"collection":[{"href":"https:\/\/noticiasregionais.com.br\/index.php?rest_route=\/wp\/v2\/posts"}],"about":[{"href":"https:\/\/noticiasregionais.com.br\/index.php?rest_route=\/wp\/v2\/types\/post"}],"author":[{"embeddable":true,"href":"https:\/\/noticiasregionais.com.br\/index.php?rest_route=\/wp\/v2\/users\/1"}],"replies":[{"embeddable":true,"href":"https:\/\/noticiasregionais.com.br\/index.php?rest_route=%2Fwp%2Fv2%2Fcomments&post=4008"}],"version-history":[{"count":1,"href":"https:\/\/noticiasregionais.com.br\/index.php?rest_route=\/wp\/v2\/posts\/4008\/revisions"}],"predecessor-version":[{"id":4010,"href":"https:\/\/noticiasregionais.com.br\/index.php?rest_route=\/wp\/v2\/posts\/4008\/revisions\/4010"}],"wp:featuredmedia":[{"embeddable":true,"href":"https:\/\/noticiasregionais.com.br\/index.php?rest_route=\/wp\/v2\/media\/4009"}],"wp:attachment":[{"href":"https:\/\/noticiasregionais.com.br\/index.php?rest_route=%2Fwp%2Fv2%2Fmedia&parent=4008"}],"wp:term":[{"taxonomy":"category","embeddable":true,"href":"https:\/\/noticiasregionais.com.br\/index.php?rest_route=%2Fwp%2Fv2%2Fcategories&post=4008"},{"taxonomy":"post_tag","embeddable":true,"href":"https:\/\/noticiasregionais.com.br\/index.php?rest_route=%2Fwp%2Fv2%2Ftags&post=4008"}],"curies":[{"name":"wp","href":"https:\/\/api.w.org\/{rel}","templated":true}]}}